{"id":5781,"date":"2023-07-11T10:26:48","date_gmt":"2023-07-11T08:26:48","guid":{"rendered":"https:\/\/www.willi-graf-schulen.de\/realschule\/?p=5781"},"modified":"2023-07-11T10:34:03","modified_gmt":"2023-07-11T08:34:03","slug":"gottesdienst","status":"publish","type":"post","link":"https:\/\/www.willi-graf-schulen.de\/realschule\/gottesdienst\/","title":{"rendered":"Gottesdienst"},"content":{"rendered":"\t\t<div data-elementor-type=\"wp-post\" data-elementor-id=\"5781\" class=\"elementor elementor-5781\" data-elementor-post-type=\"post\">\n\t\t\t\t\t\t<section class=\"elementor-section elementor-top-section elementor-element elementor-element-6d56384 elementor-section-boxed elementor-section-height-default elementor-section-height-default\" data-id=\"6d56384\" data-element_type=\"section\" data-e-type=\"section\" data-settings=\"{&quot;jet_parallax_layout_list&quot;:[]}\">\n\t\t\t\t\t\t<div class=\"elementor-container elementor-column-gap-default\">\n\t\t\t\t\t<div class=\"elementor-column elementor-col-100 elementor-top-column elementor-element elementor-element-f1595df\" data-id=\"f1595df\" data-element_type=\"column\" data-e-type=\"column\">\n\t\t\t<div class=\"elementor-widget-wrap elementor-element-populated\">\n\t\t\t\t\t\t<div class=\"elementor-element elementor-element-9e5244a elementor-widget elementor-widget-text-editor\" data-id=\"9e5244a\" data-element_type=\"widget\" data-e-type=\"widget\" data-widget_type=\"text-editor.default\">\n\t\t\t\t<div class=\"elementor-widget-container\">\n\t\t\t\t\t\t\t\t\t<p>Liebe Schulgemeinschaft,<\/p><p>im Namen der Schulpastorale und der Fachschaft Musik darf ich Sie\/Euch sehr herzlich zum<\/p><p><em><strong>Jahresabschlussgottesdienst<\/strong> mit anschlie\u00dfendem Fr\u00fchschoppen<\/em><\/p><p><em><strong>am Sonntag dem 16. Juli um 11.00 Uhr<\/strong><\/em><\/p><p><em>im Innenhof der Willi-Graf-Schulen<\/em><\/p><p>\u00a0<\/p><p>einladen.<\/p><p>Der Gottesdienst wird gehalten von unserem Schulpfarrer Bernd Sch\u00fctz begleitet von derRockband der WGS.<\/p><p>Anschlie\u00dfend findet ein Fr\u00fchschoppen mit der Bigband der Willi-Graf Schulen statt.<\/p><p>F\u00fcr Verk\u00f6stigung ist gesorgt. Es gibt Getr\u00e4nke, Fingerfood, Brezeln und Wei\u00dfw\u00fcrste.<\/p><p>Bei schlechtem Wetter weichen wir ins Schulhaus aus. Geparkt werden kann auf dem Lehrerparkplatz am Sachsenweg. Der Zugang zum Innenhof erfolgt vom Lehrerparkplatz rechts um das Schulgeb\u00e4ude.<\/p><p>Wir freuen uns auf ein sch\u00f6nes Sommerfest mit guten Gespr\u00e4chen mit vielen Ehemaligen, Sch\u00fclern, Eltern und Lehrern.<\/p><p>Jochen Clemens, Bernd Sch\u00fctz<\/p>\t\t\t\t\t\t\t\t<\/div>\n\t\t\t\t<\/div>\n\t\t\t\t<div class=\"elementor-element elementor-element-0c29793 elementor-widget elementor-widget-image\" data-id=\"0c29793\" data-element_type=\"widget\" data-e-type=\"widget\" data-widget_type=\"image.default\">\n\t\t\t\t<div class=\"elementor-widget-container\">\n\t\t\t\t\t\t\t\t\t\t\t\t\t\t\t<img fetchpriority=\"high\" decoding=\"async\" width=\"717\" height=\"1024\" src=\"https:\/\/www.willi-graf-schulen.de\/realschule\/wp-content\/uploads\/sites\/4\/2023\/07\/IMG_2320-717x1024.jpeg\" class=\"attachment-large size-large wp-image-5792\" alt=\"\" srcset=\"https:\/\/www.willi-graf-schulen.de\/realschule\/wp-content\/uploads\/sites\/4\/2023\/07\/IMG_2320-717x1024.jpeg 717w, https:\/\/www.willi-graf-schulen.de\/realschule\/wp-content\/uploads\/sites\/4\/2023\/07\/IMG_2320-210x300.jpeg 210w, https:\/\/www.willi-graf-schulen.de\/realschule\/wp-content\/uploads\/sites\/4\/2023\/07\/IMG_2320-768x1096.jpeg 768w, https:\/\/www.willi-graf-schulen.de\/realschule\/wp-content\/uploads\/sites\/4\/2023\/07\/IMG_2320-1076x1536.jpeg 1076w, https:\/\/www.willi-graf-schulen.de\/realschule\/wp-content\/uploads\/sites\/4\/2023\/07\/IMG_2320-600x857.jpeg 600w, https:\/\/www.willi-graf-schulen.de\/realschule\/wp-content\/uploads\/sites\/4\/2023\/07\/IMG_2320.jpeg 1104w\" sizes=\"(max-width: 717px) 100vw, 717px\" \/>\t\t\t\t\t\t\t\t\t\t\t\t\t\t\t<\/div>\n\t\t\t\t<\/div>\n\t\t\t\t\t<\/div>\n\t\t<\/div>\n\t\t\t\t\t<\/div>\n\t\t<\/section>\n\t\t\t\t<section class=\"elementor-section elementor-top-section elementor-element elementor-element-f0ea6ac elementor-section-boxed elementor-section-height-default elementor-section-height-default\" data-id=\"f0ea6ac\" data-element_type=\"section\" data-e-type=\"section\" data-settings=\"{&quot;jet_parallax_layout_list&quot;:[]}\">\n\t\t\t\t\t\t<div class=\"elementor-container elementor-column-gap-default\">\n\t\t\t\t\t<div class=\"elementor-column elementor-col-100 elementor-top-column elementor-element elementor-element-661185a\" data-id=\"661185a\" data-element_type=\"column\" data-e-type=\"column\">\n\t\t\t<div class=\"elementor-widget-wrap\">\n\t\t\t\t\t\t\t<\/div>\n\t\t<\/div>\n\t\t\t\t\t<\/div>\n\t\t<\/section>\n\t\t\t\t<\/div>\n\t\t","protected":false},"excerpt":{"rendered":"<p>Liebe Schulgemeinschaft, im Namen der Schulpastorale und der Fachschaft Musik darf ich Sie\/Euch sehr herzlich zum Jahresabschlussgottesdienst mit anschlie\u00dfendem Fr\u00fchschoppen am Sonntag dem 16. Juli um 11.00 Uhr im Innenhof der Willi-Graf-Schulen einladen. Der Gottesdienst wird gehalten von unserem Schulpfarrer Bernd Sch\u00fctz begleitet von derRockband der WGS. Anschlie\u00dfend findet ein Fr\u00fchschoppen mit der Bigband der [&hellip;]<\/p>\n","protected":false},"author":7,"featured_media":5792,"comment_status":"open","ping_status":"open","sticky":false,"template":"","format":"standard","meta":{"footnotes":""},"categories":[6],"tags":[],"class_list":["post-5781","post","type-post","status-publish","format-standard","has-post-thumbnail","hentry","category-aktuelles"],"_links":{"self":[{"href":"https:\/\/www.willi-graf-schulen.de\/realschule\/wp-json\/wp\/v2\/posts\/5781","targetHints":{"allow":["GET"]}}],"collection":[{"href":"https:\/\/www.willi-graf-schulen.de\/realschule\/wp-json\/wp\/v2\/posts"}],"about":[{"href":"https:\/\/www.willi-graf-schulen.de\/realschule\/wp-json\/wp\/v2\/types\/post"}],"author":[{"embeddable":true,"href":"https:\/\/www.willi-graf-schulen.de\/realschule\/wp-json\/wp\/v2\/users\/7"}],"replies":[{"embeddable":true,"href":"https:\/\/www.willi-graf-schulen.de\/realschule\/wp-json\/wp\/v2\/comments?post=5781"}],"version-history":[{"count":11,"href":"https:\/\/www.willi-graf-schulen.de\/realschule\/wp-json\/wp\/v2\/posts\/5781\/revisions"}],"predecessor-version":[{"id":5796,"href":"https:\/\/www.willi-graf-schulen.de\/realschule\/wp-json\/wp\/v2\/posts\/5781\/revisions\/5796"}],"wp:featuredmedia":[{"embeddable":true,"href":"https:\/\/www.willi-graf-schulen.de\/realschule\/wp-json\/wp\/v2\/media\/5792"}],"wp:attachment":[{"href":"https:\/\/www.willi-graf-schulen.de\/realschule\/wp-json\/wp\/v2\/media?parent=5781"}],"wp:term":[{"taxonomy":"category","embeddable":true,"href":"https:\/\/www.willi-graf-schulen.de\/realschule\/wp-json\/wp\/v2\/categories?post=5781"},{"taxonomy":"post_tag","embeddable":true,"href":"https:\/\/www.willi-graf-schulen.de\/realschule\/wp-json\/wp\/v2\/tags?post=5781"}],"curies":[{"name":"wp","href":"https:\/\/api.w.org\/{rel}","templated":true}]}}