{"id":6772,"date":"2024-06-09T21:17:48","date_gmt":"2024-06-09T19:17:48","guid":{"rendered":"https:\/\/www.willi-graf-schulen.de\/realschule\/?p=6772"},"modified":"2024-06-09T21:19:53","modified_gmt":"2024-06-09T19:19:53","slug":"konzert-am-14-06-24","status":"publish","type":"post","link":"https:\/\/www.willi-graf-schulen.de\/realschule\/konzert-am-14-06-24\/","title":{"rendered":"Konzert am 14.06.24"},"content":{"rendered":"\t\t<div data-elementor-type=\"wp-post\" data-elementor-id=\"6772\" class=\"elementor elementor-6772\" data-elementor-post-type=\"post\">\n\t\t\t\t\t\t<section class=\"elementor-section elementor-top-section elementor-element elementor-element-61bf918 elementor-section-boxed elementor-section-height-default elementor-section-height-default\" data-id=\"61bf918\" data-element_type=\"section\" data-e-type=\"section\" data-settings=\"{&quot;jet_parallax_layout_list&quot;:[]}\">\n\t\t\t\t\t\t<div class=\"elementor-container elementor-column-gap-default\">\n\t\t\t\t\t<div class=\"elementor-column elementor-col-100 elementor-top-column elementor-element elementor-element-820cf78\" data-id=\"820cf78\" data-element_type=\"column\" data-e-type=\"column\">\n\t\t\t<div class=\"elementor-widget-wrap elementor-element-populated\">\n\t\t\t\t\t\t<div class=\"elementor-element elementor-element-e6fd3b8 elementor-widget elementor-widget-text-editor\" data-id=\"e6fd3b8\" data-element_type=\"widget\" data-e-type=\"widget\" data-widget_type=\"text-editor.default\">\n\t\t\t\t<div class=\"elementor-widget-container\">\n\t\t\t\t\t\t\t\t\t<p>Liebe Freunde der Musik! \u00a0<\/p><p>Die Sch\u00fclerinnen und Sch\u00fcler der\u00a0<strong>Bl\u00e4serklassen und Streicherklassen der Stufe 5<\/strong> unserer beiden Schulen treten zum ersten Mal in der \u00d6ffentlichkeit auf! \u00a0\u00a0<\/p><p>Sie haben flei\u00dfig ge\u00fcbt und m\u00f6chten Ihnen ihre Musikst\u00fccke am<\/p><p><strong>Freitag, dem 14. Juni, <\/strong><br \/><strong>im Pavillon<\/strong> unserer Schulen pr\u00e4sentieren. \u00a0\u00a0<\/p><p>Herzliche Einladung! \u00a0<\/p><p>Wie immer ist der Eintritt frei! \u00a0<\/p><p>Heidrun Mertes &amp; Florian Geibel<\/p>\t\t\t\t\t\t\t\t<\/div>\n\t\t\t\t<\/div>\n\t\t\t\t\t<\/div>\n\t\t<\/div>\n\t\t\t\t\t<\/div>\n\t\t<\/section>\n\t\t\t\t<section class=\"elementor-section elementor-top-section elementor-element elementor-element-dea9636 elementor-section-boxed elementor-section-height-default elementor-section-height-default\" data-id=\"dea9636\" data-element_type=\"section\" data-e-type=\"section\" data-settings=\"{&quot;jet_parallax_layout_list&quot;:[]}\">\n\t\t\t\t\t\t<div class=\"elementor-container elementor-column-gap-default\">\n\t\t\t\t\t<div class=\"elementor-column elementor-col-100 elementor-top-column elementor-element elementor-element-192c8e5\" data-id=\"192c8e5\" data-element_type=\"column\" data-e-type=\"column\">\n\t\t\t<div class=\"elementor-widget-wrap elementor-element-populated\">\n\t\t\t\t\t\t<div class=\"elementor-element elementor-element-6372b28 elementor-widget elementor-widget-image\" data-id=\"6372b28\" data-element_type=\"widget\" data-e-type=\"widget\" data-widget_type=\"image.default\">\n\t\t\t\t<div class=\"elementor-widget-container\">\n\t\t\t\t\t\t\t\t\t\t\t\t\t\t\t<img fetchpriority=\"high\" decoding=\"async\" width=\"724\" height=\"1024\" src=\"https:\/\/www.willi-graf-schulen.de\/realschule\/wp-content\/uploads\/sites\/4\/2024\/06\/Blaeser-Streicher-5-2024-v1-724x1024.jpg\" class=\"attachment-large size-large wp-image-6771\" alt=\"\" srcset=\"https:\/\/www.willi-graf-schulen.de\/realschule\/wp-content\/uploads\/sites\/4\/2024\/06\/Blaeser-Streicher-5-2024-v1-724x1024.jpg 724w, https:\/\/www.willi-graf-schulen.de\/realschule\/wp-content\/uploads\/sites\/4\/2024\/06\/Blaeser-Streicher-5-2024-v1-212x300.jpg 212w, https:\/\/www.willi-graf-schulen.de\/realschule\/wp-content\/uploads\/sites\/4\/2024\/06\/Blaeser-Streicher-5-2024-v1-768x1087.jpg 768w, https:\/\/www.willi-graf-schulen.de\/realschule\/wp-content\/uploads\/sites\/4\/2024\/06\/Blaeser-Streicher-5-2024-v1-1086x1536.jpg 1086w, https:\/\/www.willi-graf-schulen.de\/realschule\/wp-content\/uploads\/sites\/4\/2024\/06\/Blaeser-Streicher-5-2024-v1-600x849.jpg 600w, https:\/\/www.willi-graf-schulen.de\/realschule\/wp-content\/uploads\/sites\/4\/2024\/06\/Blaeser-Streicher-5-2024-v1.jpg 1200w\" sizes=\"(max-width: 724px) 100vw, 724px\" \/>\t\t\t\t\t\t\t\t\t\t\t\t\t\t\t<\/div>\n\t\t\t\t<\/div>\n\t\t\t\t\t<\/div>\n\t\t<\/div>\n\t\t\t\t\t<\/div>\n\t\t<\/section>\n\t\t\t\t<\/div>\n\t\t","protected":false},"excerpt":{"rendered":"<p>Liebe Freunde der Musik! \u00a0 Die Sch\u00fclerinnen und Sch\u00fcler der\u00a0Bl\u00e4serklassen und Streicherklassen der Stufe 5 unserer beiden Schulen treten zum ersten Mal in der \u00d6ffentlichkeit auf! \u00a0\u00a0 Sie haben flei\u00dfig ge\u00fcbt und m\u00f6chten Ihnen ihre Musikst\u00fccke am Freitag, dem 14. Juni, im Pavillon unserer Schulen pr\u00e4sentieren. \u00a0\u00a0 Herzliche Einladung! \u00a0 Wie immer ist der Eintritt [&hellip;]<\/p>\n","protected":false},"author":7,"featured_media":6771,"comment_status":"open","ping_status":"open","sticky":false,"template":"","format":"standard","meta":{"footnotes":""},"categories":[6,1],"tags":[],"class_list":["post-6772","post","type-post","status-publish","format-standard","has-post-thumbnail","hentry","category-aktuelles","category-allgemein"],"_links":{"self":[{"href":"https:\/\/www.willi-graf-schulen.de\/realschule\/wp-json\/wp\/v2\/posts\/6772","targetHints":{"allow":["GET"]}}],"collection":[{"href":"https:\/\/www.willi-graf-schulen.de\/realschule\/wp-json\/wp\/v2\/posts"}],"about":[{"href":"https:\/\/www.willi-graf-schulen.de\/realschule\/wp-json\/wp\/v2\/types\/post"}],"author":[{"embeddable":true,"href":"https:\/\/www.willi-graf-schulen.de\/realschule\/wp-json\/wp\/v2\/users\/7"}],"replies":[{"embeddable":true,"href":"https:\/\/www.willi-graf-schulen.de\/realschule\/wp-json\/wp\/v2\/comments?post=6772"}],"version-history":[{"count":4,"href":"https:\/\/www.willi-graf-schulen.de\/realschule\/wp-json\/wp\/v2\/posts\/6772\/revisions"}],"predecessor-version":[{"id":6776,"href":"https:\/\/www.willi-graf-schulen.de\/realschule\/wp-json\/wp\/v2\/posts\/6772\/revisions\/6776"}],"wp:featuredmedia":[{"embeddable":true,"href":"https:\/\/www.willi-graf-schulen.de\/realschule\/wp-json\/wp\/v2\/media\/6771"}],"wp:attachment":[{"href":"https:\/\/www.willi-graf-schulen.de\/realschule\/wp-json\/wp\/v2\/media?parent=6772"}],"wp:term":[{"taxonomy":"category","embeddable":true,"href":"https:\/\/www.willi-graf-schulen.de\/realschule\/wp-json\/wp\/v2\/categories?post=6772"},{"taxonomy":"post_tag","embeddable":true,"href":"https:\/\/www.willi-graf-schulen.de\/realschule\/wp-json\/wp\/v2\/tags?post=6772"}],"curies":[{"name":"wp","href":"https:\/\/api.w.org\/{rel}","templated":true}]}}