{"id":7217,"date":"2024-11-25T18:05:49","date_gmt":"2024-11-25T17:05:49","guid":{"rendered":"https:\/\/www.willi-graf-schulen.de\/realschule\/?p=7217"},"modified":"2024-11-25T18:23:19","modified_gmt":"2024-11-25T17:23:19","slug":"solibasar-2024","status":"publish","type":"post","link":"https:\/\/www.willi-graf-schulen.de\/realschule\/solibasar-2024\/","title":{"rendered":"Solibasar 2024"},"content":{"rendered":"<p>Die Klassenstufe 10 unterst\u00fctzte auf dem Solibasar die Fairtrade Initiative Saarbr\u00fccken am Stand, verkaufte selbst gemachten Kinderpunsch und Geb\u00e4ck aus fairen und regionalen Zutaten und hilft Kindern am FIS-Stand faire Stofftaschen zu Bemalen. Au\u00dferdem werden die 10erKlassen f\u00fcr ihr Engagement f\u00fcr den Fairen Handel als Faire Klasse ausgezeichnet. Die Urkunde wird Ihnen von Peter Gillo in Anwesenheit von Ingrid von Osterhausen, Peter Weichardt und Melanie Seibelt von FIS\u00a0 \u00fcberreicht.<\/p>\n<p>Die BigBand der Willi-Graf Schulen spielte am Samstag zur Er\u00f6ffnung der Veranstaltung St\u00fccke aus ihrem Repertoire. Ihr Programm fand gro\u00dfen Anklang.<\/p>\n<p>\t\t\t\t\t\t\t<a href=\"https:\/\/www.willi-graf-schulen.de\/realschule\/wp-content\/uploads\/sites\/4\/2024\/11\/PHOTO-2024-11-25-10-32-45-1.jpg\" data-elementor-open-lightbox=\"yes\" data-elementor-lightbox-slideshow=\"8cb184f\" data-elementor-lightbox-title=\"PHOTO-2024-11-25-10-32-45\" data-e-action-hash=\"#elementor-action%3Aaction%3Dlightbox%26settings%3DeyJpZCI6NzIxOCwidXJsIjoiaHR0cHM6XC9cL3d3dy53aWxsaS1ncmFmLXNjaHVsZW4uZGVcL3JlYWxzY2h1bGVcL3dwLWNvbnRlbnRcL3VwbG9hZHNcL3NpdGVzXC80XC8yMDI0XC8xMVwvUEhPVE8tMjAyNC0xMS0yNS0xMC0zMi00NS0xLmpwZyIsInNsaWRlc2hvdyI6IjhjYjE4NGYifQ%3D%3D\"><br \/>\n\t\t\t\t\t\t\t\t\t\t\t\t\t\t<\/a><br \/>\n\t\t\t\t\t\t\t<a href=\"https:\/\/www.willi-graf-schulen.de\/realschule\/wp-content\/uploads\/sites\/4\/2024\/11\/PHOTO-2024-11-25-10-32-44-1.jpg\" data-elementor-open-lightbox=\"yes\" data-elementor-lightbox-slideshow=\"8cb184f\" data-elementor-lightbox-title=\"PHOTO-2024-11-25-10-32-44\" data-e-action-hash=\"#elementor-action%3Aaction%3Dlightbox%26settings%3DeyJpZCI6NzIxOSwidXJsIjoiaHR0cHM6XC9cL3d3dy53aWxsaS1ncmFmLXNjaHVsZW4uZGVcL3JlYWxzY2h1bGVcL3dwLWNvbnRlbnRcL3VwbG9hZHNcL3NpdGVzXC80XC8yMDI0XC8xMVwvUEhPVE8tMjAyNC0xMS0yNS0xMC0zMi00NC0xLmpwZyIsInNsaWRlc2hvdyI6IjhjYjE4NGYifQ%3D%3D\"><br \/>\n\t\t\t\t\t\t\t\t\t\t\t\t\t\t<\/a><br \/>\n\t\t\t\t\t\t\t<a href=\"https:\/\/www.willi-graf-schulen.de\/realschule\/wp-content\/uploads\/sites\/4\/2024\/11\/PHOTO-2024-11-25-10-32-43-1.jpg\" data-elementor-open-lightbox=\"yes\" data-elementor-lightbox-slideshow=\"8cb184f\" data-elementor-lightbox-title=\"PHOTO-2024-11-25-10-32-43\" data-e-action-hash=\"#elementor-action%3Aaction%3Dlightbox%26settings%3DeyJpZCI6NzIyMSwidXJsIjoiaHR0cHM6XC9cL3d3dy53aWxsaS1ncmFmLXNjaHVsZW4uZGVcL3JlYWxzY2h1bGVcL3dwLWNvbnRlbnRcL3VwbG9hZHNcL3NpdGVzXC80XC8yMDI0XC8xMVwvUEhPVE8tMjAyNC0xMS0yNS0xMC0zMi00My0xLmpwZyIsInNsaWRlc2hvdyI6IjhjYjE4NGYifQ%3D%3D\"><br \/>\n\t\t\t\t\t\t\t\t\t\t\t\t\t\t<\/a><br \/>\n\t\t\t\t\t\t\t<a href=\"https:\/\/www.willi-graf-schulen.de\/realschule\/wp-content\/uploads\/sites\/4\/2024\/11\/23ef8e4c-a75b-4746-b602-343c8d5b46ac.jpg\" data-elementor-open-lightbox=\"yes\" data-elementor-lightbox-slideshow=\"8cb184f\" data-elementor-lightbox-title=\"23ef8e4c-a75b-4746-b602-343c8d5b46ac\" data-e-action-hash=\"#elementor-action%3Aaction%3Dlightbox%26settings%3DeyJpZCI6NzIyMiwidXJsIjoiaHR0cHM6XC9cL3d3dy53aWxsaS1ncmFmLXNjaHVsZW4uZGVcL3JlYWxzY2h1bGVcL3dwLWNvbnRlbnRcL3VwbG9hZHNcL3NpdGVzXC80XC8yMDI0XC8xMVwvMjNlZjhlNGMtYTc1Yi00NzQ2LWI2MDItMzQzYzhkNWI0NmFjLmpwZyIsInNsaWRlc2hvdyI6IjhjYjE4NGYifQ%3D%3D\"><br \/>\n\t\t\t\t\t\t\t\t\t\t\t\t\t\t<\/a><br \/>\n\t\t\t\t\t\t\t<a href=\"https:\/\/www.willi-graf-schulen.de\/realschule\/wp-content\/uploads\/sites\/4\/2024\/11\/70a6a6cb-410d-4bd0-9d2f-4375778c7652.jpg\" data-elementor-open-lightbox=\"yes\" data-elementor-lightbox-slideshow=\"8cb184f\" data-elementor-lightbox-title=\"70a6a6cb-410d-4bd0-9d2f-4375778c7652\" data-e-action-hash=\"#elementor-action%3Aaction%3Dlightbox%26settings%3DeyJpZCI6NzIyMywidXJsIjoiaHR0cHM6XC9cL3d3dy53aWxsaS1ncmFmLXNjaHVsZW4uZGVcL3JlYWxzY2h1bGVcL3dwLWNvbnRlbnRcL3VwbG9hZHNcL3NpdGVzXC80XC8yMDI0XC8xMVwvNzBhNmE2Y2ItNDEwZC00YmQwLTlkMmYtNDM3NTc3OGM3NjUyLmpwZyIsInNsaWRlc2hvdyI6IjhjYjE4NGYifQ%3D%3D\"><br \/>\n\t\t\t\t\t\t\t\t\t\t\t\t\t\t<\/a><br \/>\n\t\t\t\t\t\t\t<a href=\"https:\/\/www.willi-graf-schulen.de\/realschule\/wp-content\/uploads\/sites\/4\/2024\/11\/81e0e8ff-717f-4264-b525-35e1813306b1.jpg\" data-elementor-open-lightbox=\"yes\" data-elementor-lightbox-slideshow=\"8cb184f\" data-elementor-lightbox-title=\"81e0e8ff-717f-4264-b525-35e1813306b1\" data-e-action-hash=\"#elementor-action%3Aaction%3Dlightbox%26settings%3DeyJpZCI6NzIyNCwidXJsIjoiaHR0cHM6XC9cL3d3dy53aWxsaS1ncmFmLXNjaHVsZW4uZGVcL3JlYWxzY2h1bGVcL3dwLWNvbnRlbnRcL3VwbG9hZHNcL3NpdGVzXC80XC8yMDI0XC8xMVwvODFlMGU4ZmYtNzE3Zi00MjY0LWI1MjUtMzVlMTgxMzMwNmIxLmpwZyIsInNsaWRlc2hvdyI6IjhjYjE4NGYifQ%3D%3D\"><br \/>\n\t\t\t\t\t\t\t\t\t\t\t\t\t\t<\/a><br \/>\n\t\t\t\t\t\t\t<a href=\"https:\/\/www.willi-graf-schulen.de\/realschule\/wp-content\/uploads\/sites\/4\/2024\/11\/c6c9db66-c2ad-4c5a-9d9c-7a3a807b9d15.jpg\" data-elementor-open-lightbox=\"yes\" data-elementor-lightbox-slideshow=\"8cb184f\" data-elementor-lightbox-title=\"c6c9db66-c2ad-4c5a-9d9c-7a3a807b9d15\" data-e-action-hash=\"#elementor-action%3Aaction%3Dlightbox%26settings%3DeyJpZCI6NzIyNSwidXJsIjoiaHR0cHM6XC9cL3d3dy53aWxsaS1ncmFmLXNjaHVsZW4uZGVcL3JlYWxzY2h1bGVcL3dwLWNvbnRlbnRcL3VwbG9hZHNcL3NpdGVzXC80XC8yMDI0XC8xMVwvYzZjOWRiNjYtYzJhZC00YzVhLTlkOWMtN2EzYTgwN2I5ZDE1LmpwZyIsInNsaWRlc2hvdyI6IjhjYjE4NGYifQ%3D%3D\"><br \/>\n\t\t\t\t\t\t\t\t\t\t\t\t\t\t<\/a><br \/>\n\t\t\t\t\t\t\t<a href=\"https:\/\/www.willi-graf-schulen.de\/realschule\/wp-content\/uploads\/sites\/4\/2024\/11\/IMG_1233-2-scaled.jpg\" data-elementor-open-lightbox=\"yes\" data-elementor-lightbox-slideshow=\"8cb184f\" data-elementor-lightbox-title=\"IMG_1233 2\" data-e-action-hash=\"#elementor-action%3Aaction%3Dlightbox%26settings%3DeyJpZCI6NzIyNiwidXJsIjoiaHR0cHM6XC9cL3d3dy53aWxsaS1ncmFmLXNjaHVsZW4uZGVcL3JlYWxzY2h1bGVcL3dwLWNvbnRlbnRcL3VwbG9hZHNcL3NpdGVzXC80XC8yMDI0XC8xMVwvSU1HXzEyMzMtMi1zY2FsZWQuanBnIiwic2xpZGVzaG93IjoiOGNiMTg0ZiJ9\"><br \/>\n\t\t\t\t\t\t\t\t\t\t\t\t\t\t<\/a><\/p>\n","protected":false},"excerpt":{"rendered":"<p>Die Klassenstufe 10 unterst\u00fctzte auf dem Solibasar die Fairtrade Initiative Saarbr\u00fccken am Stand, verkaufte selbst gemachten Kinderpunsch und Geb\u00e4ck aus fairen und regionalen Zutaten und hilft Kindern am FIS-Stand faire Stofftaschen zu Bemalen. Au\u00dferdem werden die 10erKlassen f\u00fcr ihr Engagement f\u00fcr den Fairen Handel als Faire Klasse ausgezeichnet. Die Urkunde wird Ihnen von Peter Gillo [&hellip;]<\/p>\n","protected":false},"author":7,"featured_media":7222,"comment_status":"open","ping_status":"open","sticky":false,"template":"","format":"standard","meta":{"footnotes":""},"categories":[6,1],"tags":[],"class_list":["post-7217","post","type-post","status-publish","format-standard","has-post-thumbnail","hentry","category-aktuelles","category-allgemein"],"_links":{"self":[{"href":"https:\/\/www.willi-graf-schulen.de\/realschule\/wp-json\/wp\/v2\/posts\/7217","targetHints":{"allow":["GET"]}}],"collection":[{"href":"https:\/\/www.willi-graf-schulen.de\/realschule\/wp-json\/wp\/v2\/posts"}],"about":[{"href":"https:\/\/www.willi-graf-schulen.de\/realschule\/wp-json\/wp\/v2\/types\/post"}],"author":[{"embeddable":true,"href":"https:\/\/www.willi-graf-schulen.de\/realschule\/wp-json\/wp\/v2\/users\/7"}],"replies":[{"embeddable":true,"href":"https:\/\/www.willi-graf-schulen.de\/realschule\/wp-json\/wp\/v2\/comments?post=7217"}],"version-history":[{"count":6,"href":"https:\/\/www.willi-graf-schulen.de\/realschule\/wp-json\/wp\/v2\/posts\/7217\/revisions"}],"predecessor-version":[{"id":7232,"href":"https:\/\/www.willi-graf-schulen.de\/realschule\/wp-json\/wp\/v2\/posts\/7217\/revisions\/7232"}],"wp:featuredmedia":[{"embeddable":true,"href":"https:\/\/www.willi-graf-schulen.de\/realschule\/wp-json\/wp\/v2\/media\/7222"}],"wp:attachment":[{"href":"https:\/\/www.willi-graf-schulen.de\/realschule\/wp-json\/wp\/v2\/media?parent=7217"}],"wp:term":[{"taxonomy":"category","embeddable":true,"href":"https:\/\/www.willi-graf-schulen.de\/realschule\/wp-json\/wp\/v2\/categories?post=7217"},{"taxonomy":"post_tag","embeddable":true,"href":"https:\/\/www.willi-graf-schulen.de\/realschule\/wp-json\/wp\/v2\/tags?post=7217"}],"curies":[{"name":"wp","href":"https:\/\/api.w.org\/{rel}","templated":true}]}}