{"id":7751,"date":"2025-06-04T09:17:43","date_gmt":"2025-06-04T07:17:43","guid":{"rendered":"https:\/\/www.willi-graf-schulen.de\/realschule\/?p=7751"},"modified":"2025-06-22T09:43:18","modified_gmt":"2025-06-22T07:43:18","slug":"jubilaeum-10-jahre-fairtrade-school","status":"publish","type":"post","link":"https:\/\/www.willi-graf-schulen.de\/realschule\/jubilaeum-10-jahre-fairtrade-school\/","title":{"rendered":"Jubil\u00e4um 10 Jahre Fairtrade School"},"content":{"rendered":"\t\t<div data-elementor-type=\"wp-post\" data-elementor-id=\"7751\" class=\"elementor elementor-7751\" data-elementor-post-type=\"post\">\n\t\t\t\t\t\t<section class=\"elementor-section elementor-top-section elementor-element elementor-element-e986d6f elementor-section-boxed elementor-section-height-default elementor-section-height-default\" data-id=\"e986d6f\" data-element_type=\"section\" data-e-type=\"section\" data-settings=\"{&quot;jet_parallax_layout_list&quot;:[]}\">\n\t\t\t\t\t\t<div class=\"elementor-container elementor-column-gap-default\">\n\t\t\t\t\t<div class=\"elementor-column elementor-col-100 elementor-top-column elementor-element elementor-element-b5ce494\" data-id=\"b5ce494\" data-element_type=\"column\" data-e-type=\"column\">\n\t\t\t<div class=\"elementor-widget-wrap elementor-element-populated\">\n\t\t\t\t\t\t<div class=\"elementor-element elementor-element-c7a9fa5 elementor-widget elementor-widget-text-editor\" data-id=\"c7a9fa5\" data-element_type=\"widget\" data-e-type=\"widget\" data-widget_type=\"text-editor.default\">\n\t\t\t\t<div class=\"elementor-widget-container\">\n\t\t\t\t\t\t\t\t\t<h2><b>Zehn Jahre Engagement f\u00fcr den fairen Handel<\/b><\/h2>\t\t\t\t\t\t\t\t<\/div>\n\t\t\t\t<\/div>\n\t\t\t\t\t<\/div>\n\t\t<\/div>\n\t\t\t\t\t<\/div>\n\t\t<\/section>\n\t\t\t\t<section class=\"elementor-section elementor-top-section elementor-element elementor-element-3b3bca4 elementor-section-boxed elementor-section-height-default elementor-section-height-default\" data-id=\"3b3bca4\" data-element_type=\"section\" data-e-type=\"section\" data-settings=\"{&quot;jet_parallax_layout_list&quot;:[]}\">\n\t\t\t\t\t\t<div class=\"elementor-container elementor-column-gap-default\">\n\t\t\t\t\t<div class=\"elementor-column elementor-col-100 elementor-top-column elementor-element elementor-element-7249f2b\" data-id=\"7249f2b\" data-element_type=\"column\" data-e-type=\"column\">\n\t\t\t<div class=\"elementor-widget-wrap elementor-element-populated\">\n\t\t\t\t\t\t<div class=\"elementor-element elementor-element-b9f304a elementor-widget elementor-widget-text-editor\" data-id=\"b9f304a\" data-element_type=\"widget\" data-e-type=\"widget\" data-widget_type=\"text-editor.default\">\n\t\t\t\t<div class=\"elementor-widget-container\">\n\t\t\t\t\t\t\t\t\t<blockquote><p class=\"p2\"><span style=\"color: #000000\">Die Willi-Graf-Realschule in Saarbr\u00fccken ist seit zehn Jahren zertifizierte Fairtrade-School und das Jubil\u00e4um wurde gro\u00df gefeiert.<\/span><\/p><\/blockquote>\t\t\t\t\t\t\t\t<\/div>\n\t\t\t\t<\/div>\n\t\t\t\t\t<\/div>\n\t\t<\/div>\n\t\t\t\t\t<\/div>\n\t\t<\/section>\n\t\t\t\t<section class=\"elementor-section elementor-top-section elementor-element elementor-element-91162e4 elementor-section-boxed elementor-section-height-default elementor-section-height-default\" data-id=\"91162e4\" data-element_type=\"section\" data-e-type=\"section\" data-settings=\"{&quot;jet_parallax_layout_list&quot;:[]}\">\n\t\t\t\t\t\t<div class=\"elementor-container elementor-column-gap-default\">\n\t\t\t\t\t<div class=\"elementor-column elementor-col-100 elementor-top-column elementor-element elementor-element-0fcf0ce\" data-id=\"0fcf0ce\" data-element_type=\"column\" data-e-type=\"column\">\n\t\t\t<div class=\"elementor-widget-wrap elementor-element-populated\">\n\t\t\t\t\t\t<div class=\"elementor-element elementor-element-625a30c elementor-widget elementor-widget-image\" data-id=\"625a30c\" data-element_type=\"widget\" data-e-type=\"widget\" data-widget_type=\"image.default\">\n\t\t\t\t<div class=\"elementor-widget-container\">\n\t\t\t\t\t\t\t\t\t\t\t\t\t\t\t<img fetchpriority=\"high\" decoding=\"async\" width=\"1024\" height=\"768\" src=\"https:\/\/www.willi-graf-schulen.de\/realschule\/wp-content\/uploads\/sites\/4\/2025\/06\/IMG_3143_1-1024x768.jpg\" class=\"attachment-large size-large wp-image-7757\" alt=\"\" srcset=\"https:\/\/www.willi-graf-schulen.de\/realschule\/wp-content\/uploads\/sites\/4\/2025\/06\/IMG_3143_1-1024x768.jpg 1024w, https:\/\/www.willi-graf-schulen.de\/realschule\/wp-content\/uploads\/sites\/4\/2025\/06\/IMG_3143_1-300x225.jpg 300w, https:\/\/www.willi-graf-schulen.de\/realschule\/wp-content\/uploads\/sites\/4\/2025\/06\/IMG_3143_1-768x576.jpg 768w, https:\/\/www.willi-graf-schulen.de\/realschule\/wp-content\/uploads\/sites\/4\/2025\/06\/IMG_3143_1-1536x1152.jpg 1536w, https:\/\/www.willi-graf-schulen.de\/realschule\/wp-content\/uploads\/sites\/4\/2025\/06\/IMG_3143_1-2048x1536.jpg 2048w, https:\/\/www.willi-graf-schulen.de\/realschule\/wp-content\/uploads\/sites\/4\/2025\/06\/IMG_3143_1-600x450.jpg 600w\" sizes=\"(max-width: 1024px) 100vw, 1024px\" \/>\t\t\t\t\t\t\t\t\t\t\t\t\t\t\t<\/div>\n\t\t\t\t<\/div>\n\t\t\t\t\t<\/div>\n\t\t<\/div>\n\t\t\t\t\t<\/div>\n\t\t<\/section>\n\t\t\t\t<section class=\"elementor-section elementor-top-section elementor-element elementor-element-ccc168e elementor-section-boxed elementor-section-height-default elementor-section-height-default\" data-id=\"ccc168e\" data-element_type=\"section\" data-e-type=\"section\" data-settings=\"{&quot;jet_parallax_layout_list&quot;:[]}\">\n\t\t\t\t\t\t<div class=\"elementor-container elementor-column-gap-default\">\n\t\t\t\t\t<div class=\"elementor-column elementor-col-100 elementor-top-column elementor-element elementor-element-20804d5\" data-id=\"20804d5\" data-element_type=\"column\" data-e-type=\"column\">\n\t\t\t<div class=\"elementor-widget-wrap elementor-element-populated\">\n\t\t\t\t\t\t<div class=\"elementor-element elementor-element-b62eb1d elementor-widget elementor-widget-text-editor\" data-id=\"b62eb1d\" data-element_type=\"widget\" data-e-type=\"widget\" data-widget_type=\"text-editor.default\">\n\t\t\t\t<div class=\"elementor-widget-container\">\n\t\t\t\t\t\t\t\t\t<h6><em>Vor dem Banabus feiern Sch\u00fclerinnen und Sch\u00fcler gemeinsam mit Schulleiter Stephan Arnold, Regionalverbandsdirektorin Carolin Lehberger, Bildungsdezernentin Kerstin Theobald,\u00a0 Winnie Mbindyo von Fairtrade Deutschland und Ansprechpartnerin f\u00fcr BNE und Fairtrade an der Schule Gesine Zare das zehnte Jubil\u00e4um der Willi-Graf-Realschule als Fairtrade-School.<\/em><\/h6>\t\t\t\t\t\t\t\t<\/div>\n\t\t\t\t<\/div>\n\t\t\t\t\t<\/div>\n\t\t<\/div>\n\t\t\t\t\t<\/div>\n\t\t<\/section>\n\t\t\t\t<section class=\"elementor-section elementor-top-section elementor-element elementor-element-81285bd elementor-section-boxed elementor-section-height-default elementor-section-height-default\" data-id=\"81285bd\" data-element_type=\"section\" data-e-type=\"section\" data-settings=\"{&quot;jet_parallax_layout_list&quot;:[]}\">\n\t\t\t\t\t\t<div class=\"elementor-container elementor-column-gap-default\">\n\t\t\t\t\t<div class=\"elementor-column elementor-col-100 elementor-top-column elementor-element elementor-element-bc3f9ff\" data-id=\"bc3f9ff\" data-element_type=\"column\" data-e-type=\"column\">\n\t\t\t<div class=\"elementor-widget-wrap elementor-element-populated\">\n\t\t\t\t\t\t<div class=\"elementor-element elementor-element-6f59c7f elementor-widget elementor-widget-text-editor\" data-id=\"6f59c7f\" data-element_type=\"widget\" data-e-type=\"widget\" data-widget_type=\"text-editor.default\">\n\t\t\t\t<div class=\"elementor-widget-container\">\n\t\t\t\t\t\t\t\t\t<p class=\"p1\">Seit nunmehr einem Jahrzehnt darf sich die bisch\u00f6fliche Willi-Graf-Realschule in Saarbr\u00fccken offizielle \u201eFairtrade-School\u201c nennen. Was als Projekt einer Sch\u00fclergruppe begann, hat sich inzwischen tief in der Schulkultur verankert. Am Mittwoch, 28. Mai, wurde das Jubil\u00e4um mit zahlreichen Aktionen und Workshops gemeinsam mit Kooperationspartnern gro\u00df gefeiert. Gl\u00fcckw\u00fcnsche \u00fcberbrachten auch Regionalverbandsdirektorin Carolin Lehberger sowie die Bildungsdezernentin des Regionalverbandes Saarbr\u00fccken, Kerstin Theobald.<\/p><p class=\"p1\">Bevor gefeiert wurde, stand jedoch w\u00e4hrend der ersten drei Schulstunden die Wissensvermittlung rund um das Thema Fairtrade im Fokus. Dabei schl\u00fcpften die Neuntkl\u00e4sslerinnen und Neuntkl\u00e4ssler in die Rolle der Lehrkr\u00e4fte. Auch Angelina, Maja, Ilenia und Emily konnten den j\u00fcngeren Jahrg\u00e4ngen zeigen, was sie \u00fcber Fairtrade-Kleidung, die unterschiedlichen Fairtrade-Logos sowie \u00fcber die 17 internationalen Ziele f\u00fcr nachhaltige Entwicklung (Sustainable Development Goals, SDGs) wissen.\u00a0<\/p>\t\t\t\t\t\t\t\t<\/div>\n\t\t\t\t<\/div>\n\t\t\t\t\t<\/div>\n\t\t<\/div>\n\t\t\t\t\t<\/div>\n\t\t<\/section>\n\t\t\t\t<section class=\"elementor-section elementor-top-section elementor-element elementor-element-3ef3997 elementor-section-boxed elementor-section-height-default elementor-section-height-default\" data-id=\"3ef3997\" data-element_type=\"section\" data-e-type=\"section\" data-settings=\"{&quot;jet_parallax_layout_list&quot;:[]}\">\n\t\t\t\t\t\t<div class=\"elementor-container elementor-column-gap-default\">\n\t\t\t\t\t<div class=\"elementor-column elementor-col-50 elementor-top-column elementor-element elementor-element-6457c50\" data-id=\"6457c50\" data-element_type=\"column\" data-e-type=\"column\">\n\t\t\t<div class=\"elementor-widget-wrap elementor-element-populated\">\n\t\t\t\t\t\t<div class=\"elementor-element elementor-element-8995426 elementor-widget elementor-widget-image\" data-id=\"8995426\" data-element_type=\"widget\" data-e-type=\"widget\" data-widget_type=\"image.default\">\n\t\t\t\t<div class=\"elementor-widget-container\">\n\t\t\t\t\t\t\t\t\t\t\t\t<figure class=\"wp-caption\">\n\t\t\t\t\t\t\t\t\t\t<img decoding=\"async\" width=\"798\" height=\"540\" src=\"https:\/\/www.willi-graf-schulen.de\/realschule\/wp-content\/uploads\/sites\/4\/2025\/06\/20250528_Fairtrade-Workshop-Angelina-Maja-Emily-Ilenia-uk.jpg_782656575.jpg\" class=\"attachment-large size-large wp-image-7759\" alt=\"\" srcset=\"https:\/\/www.willi-graf-schulen.de\/realschule\/wp-content\/uploads\/sites\/4\/2025\/06\/20250528_Fairtrade-Workshop-Angelina-Maja-Emily-Ilenia-uk.jpg_782656575.jpg 798w, https:\/\/www.willi-graf-schulen.de\/realschule\/wp-content\/uploads\/sites\/4\/2025\/06\/20250528_Fairtrade-Workshop-Angelina-Maja-Emily-Ilenia-uk.jpg_782656575-300x203.jpg 300w, https:\/\/www.willi-graf-schulen.de\/realschule\/wp-content\/uploads\/sites\/4\/2025\/06\/20250528_Fairtrade-Workshop-Angelina-Maja-Emily-Ilenia-uk.jpg_782656575-768x520.jpg 768w, https:\/\/www.willi-graf-schulen.de\/realschule\/wp-content\/uploads\/sites\/4\/2025\/06\/20250528_Fairtrade-Workshop-Angelina-Maja-Emily-Ilenia-uk.jpg_782656575-600x406.jpg 600w\" sizes=\"(max-width: 798px) 100vw, 798px\" \/>\t\t\t\t\t\t\t\t\t\t\t<figcaption class=\"widget-image-caption wp-caption-text\">Angelina, Maja, Emily und Ilenia erkl\u00e4ren den j\u00fcngeren Sch\u00fclern, was die verschiedenen Fairtrade-Logos bedeuten.<\/figcaption>\n\t\t\t\t\t\t\t\t\t\t<\/figure>\n\t\t\t\t\t\t\t\t\t<\/div>\n\t\t\t\t<\/div>\n\t\t\t\t\t<\/div>\n\t\t<\/div>\n\t\t\t\t<div class=\"elementor-column elementor-col-50 elementor-top-column elementor-element elementor-element-fbd1df1\" data-id=\"fbd1df1\" data-element_type=\"column\" data-e-type=\"column\">\n\t\t\t<div class=\"elementor-widget-wrap elementor-element-populated\">\n\t\t\t\t\t\t<div class=\"elementor-element elementor-element-841eb78 elementor-widget elementor-widget-text-editor\" data-id=\"841eb78\" data-element_type=\"widget\" data-e-type=\"widget\" data-widget_type=\"text-editor.default\">\n\t\t\t\t<div class=\"elementor-widget-container\">\n\t\t\t\t\t\t\t\t\t<p>\u201eEin Kriterium f\u00fcr Fairtrade-Kleidung ist Bio-Baumwolle\u201c, sagt Ilenia. Auch die Arbeitsbedingungen der Bauern und der N\u00e4herinnen spielten f\u00fcr das Zertifikat eine Rolle. Dabei besch\u00e4ftigen sich die Klassen auch mit Vor- und Nachteilen: \u201eFaire Kleidung ist oft teurer, auch gibt es nicht die ausreichende Menge an Bio-Baumwolle, die Mode ist oft nicht so vielf\u00e4ltig und nicht f\u00fcr alle verf\u00fcgbar\u201c, z\u00e4hlte Ilenia auf. Maja erkl\u00e4rte die verschiedenen Siegel und Logos und welche unterschiedlichen Standards sich dahinter verbergen: \u201eKleidung hat ein anderes Logo als Schokolade.\u201c Die Sch\u00fclerinnen und Sch\u00fcler hatten zuvor die Aufgabe, sich in Saarbr\u00fccker Fairtrade-L\u00e4den und Superm\u00e4rkten auf die Suche nach den Logos zu machen, sagte Klassenlehrer Tobias Klein.<\/p>\t\t\t\t\t\t\t\t<\/div>\n\t\t\t\t<\/div>\n\t\t\t\t\t<\/div>\n\t\t<\/div>\n\t\t\t\t\t<\/div>\n\t\t<\/section>\n\t\t\t\t<section class=\"elementor-section elementor-top-section elementor-element elementor-element-84e5705 elementor-section-boxed elementor-section-height-default elementor-section-height-default\" data-id=\"84e5705\" data-element_type=\"section\" data-e-type=\"section\" data-settings=\"{&quot;jet_parallax_layout_list&quot;:[]}\">\n\t\t\t\t\t\t<div class=\"elementor-container elementor-column-gap-default\">\n\t\t\t\t\t<div class=\"elementor-column elementor-col-100 elementor-top-column elementor-element elementor-element-de1d376\" data-id=\"de1d376\" data-element_type=\"column\" data-e-type=\"column\">\n\t\t\t<div class=\"elementor-widget-wrap elementor-element-populated\">\n\t\t\t\t\t\t<div class=\"elementor-element elementor-element-aac1423 elementor-widget elementor-widget-text-editor\" data-id=\"aac1423\" data-element_type=\"widget\" data-e-type=\"widget\" data-widget_type=\"text-editor.default\">\n\t\t\t\t<div class=\"elementor-widget-container\">\n\t\t\t\t\t\t\t\t\t<h4 class=\"p1\"><b>Von Second Hand bis Upcycling<\/b><\/h4>\t\t\t\t\t\t\t\t<\/div>\n\t\t\t\t<\/div>\n\t\t\t\t\t<\/div>\n\t\t<\/div>\n\t\t\t\t\t<\/div>\n\t\t<\/section>\n\t\t\t\t<section class=\"elementor-section elementor-top-section elementor-element elementor-element-be5fd4f elementor-section-boxed elementor-section-height-default elementor-section-height-default\" data-id=\"be5fd4f\" data-element_type=\"section\" data-e-type=\"section\" data-settings=\"{&quot;jet_parallax_layout_list&quot;:[]}\">\n\t\t\t\t\t\t<div class=\"elementor-container elementor-column-gap-default\">\n\t\t\t\t\t<div class=\"elementor-column elementor-col-66 elementor-top-column elementor-element elementor-element-f14be69\" data-id=\"f14be69\" data-element_type=\"column\" data-e-type=\"column\">\n\t\t\t<div class=\"elementor-widget-wrap elementor-element-populated\">\n\t\t\t\t\t\t<div class=\"elementor-element elementor-element-88908ca elementor-widget elementor-widget-text-editor\" data-id=\"88908ca\" data-element_type=\"widget\" data-e-type=\"widget\" data-widget_type=\"text-editor.default\">\n\t\t\t\t<div class=\"elementor-widget-container\">\n\t\t\t\t\t\t\t\t\t<p>2012 hat sich die Willi-Graf-Realschule in Tr\u00e4gerschaft des Bistums Trier auf Initiative der damaligen Schulleiterin Helene Neis und Lehrerin Gesine Zare auf den Weg zur Fairtrade-Schule gemacht. Zare hatte Kontakt zur Fair Trade Initiative Saarland (FIS). \u201eDie erste Aktion, die es auch heute noch gibt, sind die fair gehandelten Nikol\u00e4use\u201c, blickt Zare zur\u00fcck. Im gleichen Zeitraum entstand eine Sch\u00fclerfirma, die verschiedene Aktionen startete: Neben den Nikol\u00e4usen wurden fair gehandelte Rosen verteilt und der \u201eEine-Welt-Kiosk\u201c mit fairen Produkten eingef\u00fchrt.<\/p><p>\u00a0Kurz darauf bildete sich das Fairtrade-Team der Realschule, in dem neben Sch\u00fclerinnen und Sch\u00fclern auch Lehrkr\u00e4fte und Eltern engagiert waren. 2013 bewarben sich die ersten Klassen bei der Fairtrade Initiative Saarland als \u201eFaire Klassen\u201c. Seit 2014 ist die Willi-Graf-Realschule Fair-Trade-Schule.<\/p><p>\u00a0\u201eAlle zwei Jahren werden wir rezertifiziert, da wir gen\u00fcgend Aktionen starten\u201c, sagte Zare. Dazu z\u00e4hlen etwa Second-Hand-Basare, um die Kleiderschr\u00e4nke m\u00f6glichst nachhaltig zu machen, und Upcycling-Aktionen, wo aus vermeintlich alten Dingen neue Produkte entstehen. Auch im Unterricht sei Fairtrade ein regelm\u00e4\u00dfiges Thema, sagt Schulleiter Stephan Arnold. \u201eEs ist ein Querschnittsthema in vielen F\u00e4chern: etwa in Erdkunde \u00fcber die Rohstoffe oder in Religion \u00fcber faire Arbeitsbedingungen.\u201c<\/p>\t\t\t\t\t\t\t\t<\/div>\n\t\t\t\t<\/div>\n\t\t\t\t\t<\/div>\n\t\t<\/div>\n\t\t\t\t<div class=\"elementor-column elementor-col-33 elementor-top-column elementor-element elementor-element-a3bdaaf\" data-id=\"a3bdaaf\" data-element_type=\"column\" data-e-type=\"column\">\n\t\t\t<div class=\"elementor-widget-wrap elementor-element-populated\">\n\t\t\t\t\t\t<div class=\"elementor-element elementor-element-2eafeae elementor-widget elementor-widget-image\" data-id=\"2eafeae\" data-element_type=\"widget\" data-e-type=\"widget\" data-widget_type=\"image.default\">\n\t\t\t\t<div class=\"elementor-widget-container\">\n\t\t\t\t\t\t\t\t\t\t\t\t<figure class=\"wp-caption\">\n\t\t\t\t\t\t\t\t\t\t<img decoding=\"async\" width=\"817\" height=\"1024\" src=\"https:\/\/www.willi-graf-schulen.de\/realschule\/wp-content\/uploads\/sites\/4\/2025\/06\/20250528_Bananen-Pia-Sofia-uk.jpg_710684359-817x1024.jpg\" class=\"attachment-large size-large wp-image-7760\" alt=\"\" srcset=\"https:\/\/www.willi-graf-schulen.de\/realschule\/wp-content\/uploads\/sites\/4\/2025\/06\/20250528_Bananen-Pia-Sofia-uk.jpg_710684359-817x1024.jpg 817w, https:\/\/www.willi-graf-schulen.de\/realschule\/wp-content\/uploads\/sites\/4\/2025\/06\/20250528_Bananen-Pia-Sofia-uk.jpg_710684359-239x300.jpg 239w, https:\/\/www.willi-graf-schulen.de\/realschule\/wp-content\/uploads\/sites\/4\/2025\/06\/20250528_Bananen-Pia-Sofia-uk.jpg_710684359-768x963.jpg 768w, https:\/\/www.willi-graf-schulen.de\/realschule\/wp-content\/uploads\/sites\/4\/2025\/06\/20250528_Bananen-Pia-Sofia-uk.jpg_710684359-1225x1536.jpg 1225w, https:\/\/www.willi-graf-schulen.de\/realschule\/wp-content\/uploads\/sites\/4\/2025\/06\/20250528_Bananen-Pia-Sofia-uk.jpg_710684359-1634x2048.jpg 1634w, https:\/\/www.willi-graf-schulen.de\/realschule\/wp-content\/uploads\/sites\/4\/2025\/06\/20250528_Bananen-Pia-Sofia-uk.jpg_710684359-600x752.jpg 600w, https:\/\/www.willi-graf-schulen.de\/realschule\/wp-content\/uploads\/sites\/4\/2025\/06\/20250528_Bananen-Pia-Sofia-uk.jpg_710684359-scaled.jpg 2042w\" sizes=\"(max-width: 817px) 100vw, 817px\" \/>\t\t\t\t\t\t\t\t\t\t\t<figcaption class=\"widget-image-caption wp-caption-text\">Pia (links) und Sofia probieren die Bananen-Kost\u00fcme von Fairtrade-Deutschland an.<\/figcaption>\n\t\t\t\t\t\t\t\t\t\t<\/figure>\n\t\t\t\t\t\t\t\t\t<\/div>\n\t\t\t\t<\/div>\n\t\t\t\t\t<\/div>\n\t\t<\/div>\n\t\t\t\t\t<\/div>\n\t\t<\/section>\n\t\t\t\t<section class=\"elementor-section elementor-top-section elementor-element elementor-element-5096f9d elementor-section-boxed elementor-section-height-default elementor-section-height-default\" data-id=\"5096f9d\" data-element_type=\"section\" data-e-type=\"section\" data-settings=\"{&quot;jet_parallax_layout_list&quot;:[]}\">\n\t\t\t\t\t\t<div class=\"elementor-container elementor-column-gap-default\">\n\t\t\t\t\t<div class=\"elementor-column elementor-col-50 elementor-top-column elementor-element elementor-element-448a833\" data-id=\"448a833\" data-element_type=\"column\" data-e-type=\"column\">\n\t\t\t<div class=\"elementor-widget-wrap elementor-element-populated\">\n\t\t\t\t\t\t<div class=\"elementor-element elementor-element-1ef5e8e elementor-widget elementor-widget-image\" data-id=\"1ef5e8e\" data-element_type=\"widget\" data-e-type=\"widget\" data-widget_type=\"image.default\">\n\t\t\t\t<div class=\"elementor-widget-container\">\n\t\t\t\t\t\t\t\t\t\t\t\t<figure class=\"wp-caption\">\n\t\t\t\t\t\t\t\t\t\t<img loading=\"lazy\" decoding=\"async\" width=\"768\" height=\"1024\" src=\"https:\/\/www.willi-graf-schulen.de\/realschule\/wp-content\/uploads\/sites\/4\/2025\/06\/workshop2_banabus-768x1024.jpeg\" class=\"attachment-large size-large wp-image-7762\" alt=\"\" srcset=\"https:\/\/www.willi-graf-schulen.de\/realschule\/wp-content\/uploads\/sites\/4\/2025\/06\/workshop2_banabus-768x1024.jpeg 768w, https:\/\/www.willi-graf-schulen.de\/realschule\/wp-content\/uploads\/sites\/4\/2025\/06\/workshop2_banabus-225x300.jpeg 225w, https:\/\/www.willi-graf-schulen.de\/realschule\/wp-content\/uploads\/sites\/4\/2025\/06\/workshop2_banabus-1152x1536.jpeg 1152w, https:\/\/www.willi-graf-schulen.de\/realschule\/wp-content\/uploads\/sites\/4\/2025\/06\/workshop2_banabus-1536x2048.jpeg 1536w, https:\/\/www.willi-graf-schulen.de\/realschule\/wp-content\/uploads\/sites\/4\/2025\/06\/workshop2_banabus-600x800.jpeg 600w, https:\/\/www.willi-graf-schulen.de\/realschule\/wp-content\/uploads\/sites\/4\/2025\/06\/workshop2_banabus-scaled.jpeg 1920w\" sizes=\"(max-width: 768px) 100vw, 768px\" \/>\t\t\t\t\t\t\t\t\t\t\t<figcaption class=\"widget-image-caption wp-caption-text\">Wynnie Mbindyo beim  Briefing \u00fcber Fairen Handel<\/figcaption>\n\t\t\t\t\t\t\t\t\t\t<\/figure>\n\t\t\t\t\t\t\t\t\t<\/div>\n\t\t\t\t<\/div>\n\t\t\t\t\t<\/div>\n\t\t<\/div>\n\t\t\t\t<div class=\"elementor-column elementor-col-50 elementor-top-column elementor-element elementor-element-3e81da9\" data-id=\"3e81da9\" data-element_type=\"column\" data-e-type=\"column\">\n\t\t\t<div class=\"elementor-widget-wrap elementor-element-populated\">\n\t\t\t\t\t\t<div class=\"elementor-element elementor-element-9364c3b elementor-widget elementor-widget-image\" data-id=\"9364c3b\" data-element_type=\"widget\" data-e-type=\"widget\" data-widget_type=\"image.default\">\n\t\t\t\t<div class=\"elementor-widget-container\">\n\t\t\t\t\t\t\t\t\t\t\t\t<figure class=\"wp-caption\">\n\t\t\t\t\t\t\t\t\t\t<img loading=\"lazy\" decoding=\"async\" width=\"768\" height=\"1024\" src=\"https:\/\/www.willi-graf-schulen.de\/realschule\/wp-content\/uploads\/sites\/4\/2025\/06\/workshop1_banabus-768x1024.jpeg\" class=\"attachment-large size-large wp-image-7761\" alt=\"\" srcset=\"https:\/\/www.willi-graf-schulen.de\/realschule\/wp-content\/uploads\/sites\/4\/2025\/06\/workshop1_banabus-768x1024.jpeg 768w, https:\/\/www.willi-graf-schulen.de\/realschule\/wp-content\/uploads\/sites\/4\/2025\/06\/workshop1_banabus-225x300.jpeg 225w, https:\/\/www.willi-graf-schulen.de\/realschule\/wp-content\/uploads\/sites\/4\/2025\/06\/workshop1_banabus-1152x1536.jpeg 1152w, https:\/\/www.willi-graf-schulen.de\/realschule\/wp-content\/uploads\/sites\/4\/2025\/06\/workshop1_banabus-600x800.jpeg 600w, https:\/\/www.willi-graf-schulen.de\/realschule\/wp-content\/uploads\/sites\/4\/2025\/06\/workshop1_banabus.jpeg 1200w\" sizes=\"(max-width: 768px) 100vw, 768px\" \/>\t\t\t\t\t\t\t\t\t\t\t<figcaption class=\"widget-image-caption wp-caption-text\">Banabus-Workshop: Faire Bananen<\/figcaption>\n\t\t\t\t\t\t\t\t\t\t<\/figure>\n\t\t\t\t\t\t\t\t\t<\/div>\n\t\t\t\t<\/div>\n\t\t\t\t\t<\/div>\n\t\t<\/div>\n\t\t\t\t\t<\/div>\n\t\t<\/section>\n\t\t\t\t<section class=\"elementor-section elementor-top-section elementor-element elementor-element-66a4460 elementor-section-boxed elementor-section-height-default elementor-section-height-default\" data-id=\"66a4460\" data-element_type=\"section\" data-e-type=\"section\" data-settings=\"{&quot;jet_parallax_layout_list&quot;:[]}\">\n\t\t\t\t\t\t<div class=\"elementor-container elementor-column-gap-default\">\n\t\t\t\t\t<div class=\"elementor-column elementor-col-100 elementor-top-column elementor-element elementor-element-700a1e1\" data-id=\"700a1e1\" data-element_type=\"column\" data-e-type=\"column\">\n\t\t\t<div class=\"elementor-widget-wrap elementor-element-populated\">\n\t\t\t\t\t\t<div class=\"elementor-element elementor-element-062ee88 elementor-widget elementor-widget-text-editor\" data-id=\"062ee88\" data-element_type=\"widget\" data-e-type=\"widget\" data-widget_type=\"text-editor.default\">\n\t\t\t\t<div class=\"elementor-widget-container\">\n\t\t\t\t\t\t\t\t\t<p class=\"p1\">\u00a0Um von der Organisation Fairtrade Deutschland e.V. den Titel Fairtrade-School zu erhalten, m\u00fcssen f\u00fcnf Kriterien erf\u00fcllt sein: Zun\u00e4chst muss ein Schulteam aus Sch\u00fclerinnen und Sch\u00fclern, Lehrkr\u00e4ften, Eltern und weiteren Interessierten gegr\u00fcndet werden, das regelm\u00e4\u00dfig Aktivit\u00e4ten rund um den fairen Handel an der Schule plant. Als n\u00e4chstes muss ein Fairtrade-Kompass erarbeitet werden, der zusammenfasst, in welche Richtung sich der faire Handel an der Schule entwickeln soll. Punkt drei ist der Verkauf und Verzehr von fair gehandelten Produkten an der Schule. Dies k\u00f6nnen etwa das Obst oder die Schokoriegel im Schulbistro sein oder fair produzierte Fu\u00dfb\u00e4lle und Schul-T-Shirts. Dar\u00fcber hinaus muss das Thema fairer Handel Teil des Unterrichts sein. Punkt 5 sind regelm\u00e4\u00dfige, mindestens j\u00e4hrliche Schulaktionen zum fairen Handel. An der Willi-Graf-Realschule gibt es pro Jahr sogar vier Thementage.<\/p><p class=\"p1\">\u00a0<\/p>\t\t\t\t\t\t\t\t<\/div>\n\t\t\t\t<\/div>\n\t\t\t\t\t<\/div>\n\t\t<\/div>\n\t\t\t\t\t<\/div>\n\t\t<\/section>\n\t\t\t\t<section class=\"elementor-section elementor-top-section elementor-element elementor-element-8110eb1 elementor-section-boxed elementor-section-height-default elementor-section-height-default\" data-id=\"8110eb1\" data-element_type=\"section\" data-e-type=\"section\" data-settings=\"{&quot;jet_parallax_layout_list&quot;:[]}\">\n\t\t\t\t\t\t<div class=\"elementor-container elementor-column-gap-default\">\n\t\t\t\t\t<div class=\"elementor-column elementor-col-100 elementor-top-column elementor-element elementor-element-bd65f3e\" data-id=\"bd65f3e\" data-element_type=\"column\" data-e-type=\"column\">\n\t\t\t<div class=\"elementor-widget-wrap elementor-element-populated\">\n\t\t\t\t\t\t<div class=\"elementor-element elementor-element-e0c745e elementor-widget elementor-widget-text-editor\" data-id=\"e0c745e\" data-element_type=\"widget\" data-e-type=\"widget\" data-widget_type=\"text-editor.default\">\n\t\t\t\t<div class=\"elementor-widget-container\">\n\t\t\t\t\t\t\t\t\t<p class=\"p2\"><b>Banabus zu Besuch in Saarbr\u00fccken<\/b><\/p>\t\t\t\t\t\t\t\t<\/div>\n\t\t\t\t<\/div>\n\t\t\t\t\t<\/div>\n\t\t<\/div>\n\t\t\t\t\t<\/div>\n\t\t<\/section>\n\t\t\t\t<section class=\"elementor-section elementor-top-section elementor-element elementor-element-7cf5a6b elementor-section-boxed elementor-section-height-default elementor-section-height-default\" data-id=\"7cf5a6b\" data-element_type=\"section\" data-e-type=\"section\" data-settings=\"{&quot;jet_parallax_layout_list&quot;:[]}\">\n\t\t\t\t\t\t<div class=\"elementor-container elementor-column-gap-default\">\n\t\t\t\t\t<div class=\"elementor-column elementor-col-100 elementor-top-column elementor-element elementor-element-d03f475\" data-id=\"d03f475\" data-element_type=\"column\" data-e-type=\"column\">\n\t\t\t<div class=\"elementor-widget-wrap elementor-element-populated\">\n\t\t\t\t\t\t<div class=\"elementor-element elementor-element-c9e59c9 elementor-widget elementor-widget-image\" data-id=\"c9e59c9\" data-element_type=\"widget\" data-e-type=\"widget\" data-widget_type=\"image.default\">\n\t\t\t\t<div class=\"elementor-widget-container\">\n\t\t\t\t\t\t\t\t\t\t\t\t<figure class=\"wp-caption\">\n\t\t\t\t\t\t\t\t\t\t<img loading=\"lazy\" decoding=\"async\" width=\"798\" height=\"548\" src=\"https:\/\/www.willi-graf-schulen.de\/realschule\/wp-content\/uploads\/sites\/4\/2025\/06\/20250528_Fairtrade-Arnold-SuS-uk.jpg_789451465.jpg\" class=\"attachment-large size-large wp-image-7764\" alt=\"\" srcset=\"https:\/\/www.willi-graf-schulen.de\/realschule\/wp-content\/uploads\/sites\/4\/2025\/06\/20250528_Fairtrade-Arnold-SuS-uk.jpg_789451465.jpg 798w, https:\/\/www.willi-graf-schulen.de\/realschule\/wp-content\/uploads\/sites\/4\/2025\/06\/20250528_Fairtrade-Arnold-SuS-uk.jpg_789451465-300x206.jpg 300w, https:\/\/www.willi-graf-schulen.de\/realschule\/wp-content\/uploads\/sites\/4\/2025\/06\/20250528_Fairtrade-Arnold-SuS-uk.jpg_789451465-768x527.jpg 768w, https:\/\/www.willi-graf-schulen.de\/realschule\/wp-content\/uploads\/sites\/4\/2025\/06\/20250528_Fairtrade-Arnold-SuS-uk.jpg_789451465-600x412.jpg 600w\" sizes=\"(max-width: 798px) 100vw, 798px\" \/>\t\t\t\t\t\t\t\t\t\t\t<figcaption class=\"widget-image-caption wp-caption-text\">Schulleiter Stephan Arnold ruft die Sch\u00fclerinnen und Sch\u00fcler auf, sich weiter f\u00fcr Fairtrade zu engagieren.<\/figcaption>\n\t\t\t\t\t\t\t\t\t\t<\/figure>\n\t\t\t\t\t\t\t\t\t<\/div>\n\t\t\t\t<\/div>\n\t\t\t\t\t<\/div>\n\t\t<\/div>\n\t\t\t\t\t<\/div>\n\t\t<\/section>\n\t\t\t\t<section class=\"elementor-section elementor-top-section elementor-element elementor-element-6a9a90f elementor-section-boxed elementor-section-height-default elementor-section-height-default\" data-id=\"6a9a90f\" data-element_type=\"section\" data-e-type=\"section\" data-settings=\"{&quot;jet_parallax_layout_list&quot;:[]}\">\n\t\t\t\t\t\t<div class=\"elementor-container elementor-column-gap-default\">\n\t\t\t\t\t<div class=\"elementor-column elementor-col-100 elementor-top-column elementor-element elementor-element-9272c61\" data-id=\"9272c61\" data-element_type=\"column\" data-e-type=\"column\">\n\t\t\t<div class=\"elementor-widget-wrap elementor-element-populated\">\n\t\t\t\t\t\t<div class=\"elementor-element elementor-element-b580efe elementor-widget elementor-widget-text-editor\" data-id=\"b580efe\" data-element_type=\"widget\" data-e-type=\"widget\" data-widget_type=\"text-editor.default\">\n\t\t\t\t<div class=\"elementor-widget-container\">\n\t\t\t\t\t\t\t\t\t<p class=\"p1\">\u201eWir alle tragen die Verantwortung f\u00fcr unseren Planeten. Aber der Mensch verdr\u00e4ngt das gern \u2013 das ist das Problem. Ihr seid die Zukunft unserer Fairtrade-Schule. Bringt euch ein, geht in die AGs\u201c, rief Schulleiter Stephan Arnold den Sch\u00fclerinnen und Sch\u00fclern bei der Feier zu. W\u00e4hrend die Junior Rock Band unter Leitung von Holger Ringeisen im Pavillon f\u00fcr gute Stimmung sorgte, konnten Buttons hergestellt und am Stand der Fairtrade Initiative Saarland bei Ingrid von Osterhausen fairgehandelte Turnbeutel bemalt werden. Besonders lang war die Schlange bei den frisch gebackenen Cr\u00eapes, die nat\u00fcrlich mit Fairtrade-Schokoriegeln belegt wurden. Am auff\u00e4lligsten war jedoch der gelbe \u201eBanabus\u201c der Ganztagsgemeinschaftsschule aus Neunkirchen auf dem Schulhof. Die GGS ist ebenfalls Fairtrade-Schule und tourt mit dem \u201eBanabus\u201c durch das Saarland, um so die Botschaft des fairen Handels zu verbreiten. Passend dazu gab es von Wynnie Mbindyo von Fairtrade Deutschland e.V. fair gehandelte Bananen. Wer mochte, konnte in ein Bananenkost\u00fcm schl\u00fcpfen.<\/p><p class=\"p1\">Das Thema Fairtrade wandere von der Schule auch in die Elternh\u00e4user, sagte Gesine Zare: \u201eGerade beim Thema Schokolade erziehen die Kinder teilweise ihre Eltern und sagen:<\/p><p class=\"p1\">Lieber eine Fairtrade-Tafel Fairtrade als f\u00fcnf vom Discounter.\u201c<\/p>\t\t\t\t\t\t\t\t<\/div>\n\t\t\t\t<\/div>\n\t\t\t\t\t<\/div>\n\t\t<\/div>\n\t\t\t\t\t<\/div>\n\t\t<\/section>\n\t\t\t\t<section class=\"elementor-section elementor-top-section elementor-element elementor-element-5f5d937 elementor-section-boxed elementor-section-height-default elementor-section-height-default\" data-id=\"5f5d937\" data-element_type=\"section\" data-e-type=\"section\" data-settings=\"{&quot;jet_parallax_layout_list&quot;:[]}\">\n\t\t\t\t\t\t<div class=\"elementor-container elementor-column-gap-default\">\n\t\t\t\t\t<div class=\"elementor-column elementor-col-100 elementor-top-column elementor-element elementor-element-2e88e81\" data-id=\"2e88e81\" data-element_type=\"column\" data-e-type=\"column\">\n\t\t\t<div class=\"elementor-widget-wrap elementor-element-populated\">\n\t\t\t\t\t\t<div class=\"elementor-element elementor-element-8749a0e elementor-widget-divider--view-line elementor-widget elementor-widget-divider\" data-id=\"8749a0e\" data-element_type=\"widget\" data-e-type=\"widget\" data-widget_type=\"divider.default\">\n\t\t\t\t<div class=\"elementor-widget-container\">\n\t\t\t\t\t\t\t<div class=\"elementor-divider\">\n\t\t\t<span class=\"elementor-divider-separator\">\n\t\t\t\t\t\t<\/span>\n\t\t<\/div>\n\t\t\t\t\t\t<\/div>\n\t\t\t\t<\/div>\n\t\t\t\t\t<\/div>\n\t\t<\/div>\n\t\t\t\t\t<\/div>\n\t\t<\/section>\n\t\t\t\t<section class=\"elementor-section elementor-top-section elementor-element elementor-element-1e8f09a elementor-section-boxed elementor-section-height-default elementor-section-height-default\" data-id=\"1e8f09a\" data-element_type=\"section\" data-e-type=\"section\" data-settings=\"{&quot;jet_parallax_layout_list&quot;:[]}\">\n\t\t\t\t\t\t<div class=\"elementor-container elementor-column-gap-default\">\n\t\t\t\t\t<div class=\"elementor-column elementor-col-100 elementor-top-column elementor-element elementor-element-535d957\" data-id=\"535d957\" data-element_type=\"column\" data-e-type=\"column\">\n\t\t\t<div class=\"elementor-widget-wrap elementor-element-populated\">\n\t\t\t\t\t\t<div class=\"elementor-element elementor-element-e1243fa elementor-widget elementor-widget-text-editor\" data-id=\"e1243fa\" data-element_type=\"widget\" data-e-type=\"widget\" data-widget_type=\"text-editor.default\">\n\t\t\t\t<div class=\"elementor-widget-container\">\n\t\t\t\t\t\t\t\t\t<p>Weitere Eindr\u00fccke von der Veranstaltung:<\/p>\t\t\t\t\t\t\t\t<\/div>\n\t\t\t\t<\/div>\n\t\t\t\t\t<\/div>\n\t\t<\/div>\n\t\t\t\t\t<\/div>\n\t\t<\/section>\n\t\t\t\t<section class=\"elementor-section elementor-top-section elementor-element elementor-element-117e72e elementor-section-boxed elementor-section-height-default elementor-section-height-default\" data-id=\"117e72e\" data-element_type=\"section\" data-e-type=\"section\" data-settings=\"{&quot;jet_parallax_layout_list&quot;:[]}\">\n\t\t\t\t\t\t<div class=\"elementor-container elementor-column-gap-default\">\n\t\t\t\t\t<div class=\"elementor-column elementor-col-100 elementor-top-column elementor-element elementor-element-18c1397\" data-id=\"18c1397\" data-element_type=\"column\" data-e-type=\"column\">\n\t\t\t<div class=\"elementor-widget-wrap elementor-element-populated\">\n\t\t\t\t\t\t<div class=\"elementor-element elementor-element-89cf02e elementor-widget elementor-widget-gallery\" data-id=\"89cf02e\" data-element_type=\"widget\" data-e-type=\"widget\" data-settings=\"{&quot;gallery_layout&quot;:&quot;justified&quot;,&quot;lazyload&quot;:&quot;yes&quot;,&quot;ideal_row_height&quot;:{&quot;unit&quot;:&quot;px&quot;,&quot;size&quot;:200,&quot;sizes&quot;:[]},&quot;ideal_row_height_tablet&quot;:{&quot;unit&quot;:&quot;px&quot;,&quot;size&quot;:150,&quot;sizes&quot;:[]},&quot;ideal_row_height_mobile&quot;:{&quot;unit&quot;:&quot;px&quot;,&quot;size&quot;:150,&quot;sizes&quot;:[]},&quot;gap&quot;:{&quot;unit&quot;:&quot;px&quot;,&quot;size&quot;:10,&quot;sizes&quot;:[]},&quot;gap_tablet&quot;:{&quot;unit&quot;:&quot;px&quot;,&quot;size&quot;:10,&quot;sizes&quot;:[]},&quot;gap_mobile&quot;:{&quot;unit&quot;:&quot;px&quot;,&quot;size&quot;:10,&quot;sizes&quot;:[]},&quot;link_to&quot;:&quot;file&quot;,&quot;overlay_background&quot;:&quot;yes&quot;,&quot;content_hover_animation&quot;:&quot;fade-in&quot;}\" data-widget_type=\"gallery.default\">\n\t\t\t\t<div class=\"elementor-widget-container\">\n\t\t\t\t\t\t\t<div class=\"elementor-gallery__container\">\n\t\t\t\t\t\t\t<a class=\"e-gallery-item elementor-gallery-item elementor-animated-content\" href=\"https:\/\/www.willi-graf-schulen.de\/realschule\/wp-content\/uploads\/sites\/4\/2025\/06\/IMG_3137-scaled.jpeg\" data-elementor-open-lightbox=\"yes\" data-elementor-lightbox-slideshow=\"89cf02e\" data-elementor-lightbox-title=\"IMG_3137\" data-e-action-hash=\"#elementor-action%3Aaction%3Dlightbox%26settings%3DeyJpZCI6Nzc3MywidXJsIjoiaHR0cHM6XC9cL3d3dy53aWxsaS1ncmFmLXNjaHVsZW4uZGVcL3JlYWxzY2h1bGVcL3dwLWNvbnRlbnRcL3VwbG9hZHNcL3NpdGVzXC80XC8yMDI1XC8wNlwvSU1HXzMxMzctc2NhbGVkLmpwZWciLCJzbGlkZXNob3ciOiI4OWNmMDJlIn0%3D\">\n\t\t\t\t\t<div class=\"e-gallery-image elementor-gallery-item__image\" data-thumbnail=\"https:\/\/www.willi-graf-schulen.de\/realschule\/wp-content\/uploads\/sites\/4\/2025\/06\/IMG_3137-225x300.jpeg\" data-width=\"225\" data-height=\"300\" aria-label=\"\" role=\"img\" ><\/div>\n\t\t\t\t\t\t\t\t\t\t\t<div class=\"elementor-gallery-item__overlay\"><\/div>\n\t\t\t\t\t\t\t\t\t\t\t\t\t\t<\/a>\n\t\t\t\t\t\t\t<a class=\"e-gallery-item elementor-gallery-item elementor-animated-content\" href=\"https:\/\/www.willi-graf-schulen.de\/realschule\/wp-content\/uploads\/sites\/4\/2025\/06\/IMG_3135-scaled.jpeg\" data-elementor-open-lightbox=\"yes\" data-elementor-lightbox-slideshow=\"89cf02e\" data-elementor-lightbox-title=\"IMG_3135\" data-e-action-hash=\"#elementor-action%3Aaction%3Dlightbox%26settings%3DeyJpZCI6Nzc3NCwidXJsIjoiaHR0cHM6XC9cL3d3dy53aWxsaS1ncmFmLXNjaHVsZW4uZGVcL3JlYWxzY2h1bGVcL3dwLWNvbnRlbnRcL3VwbG9hZHNcL3NpdGVzXC80XC8yMDI1XC8wNlwvSU1HXzMxMzUtc2NhbGVkLmpwZWciLCJzbGlkZXNob3ciOiI4OWNmMDJlIn0%3D\">\n\t\t\t\t\t<div class=\"e-gallery-image elementor-gallery-item__image\" data-thumbnail=\"https:\/\/www.willi-graf-schulen.de\/realschule\/wp-content\/uploads\/sites\/4\/2025\/06\/IMG_3135-225x300.jpeg\" data-width=\"225\" data-height=\"300\" aria-label=\"\" role=\"img\" ><\/div>\n\t\t\t\t\t\t\t\t\t\t\t<div class=\"elementor-gallery-item__overlay\"><\/div>\n\t\t\t\t\t\t\t\t\t\t\t\t\t\t<\/a>\n\t\t\t\t\t\t\t<a class=\"e-gallery-item elementor-gallery-item elementor-animated-content\" href=\"https:\/\/www.willi-graf-schulen.de\/realschule\/wp-content\/uploads\/sites\/4\/2025\/06\/bananen1.jpeg\" data-elementor-open-lightbox=\"yes\" data-elementor-lightbox-slideshow=\"89cf02e\" data-elementor-lightbox-title=\"bananen1\" data-e-action-hash=\"#elementor-action%3Aaction%3Dlightbox%26settings%3DeyJpZCI6Nzc3NSwidXJsIjoiaHR0cHM6XC9cL3d3dy53aWxsaS1ncmFmLXNjaHVsZW4uZGVcL3JlYWxzY2h1bGVcL3dwLWNvbnRlbnRcL3VwbG9hZHNcL3NpdGVzXC80XC8yMDI1XC8wNlwvYmFuYW5lbjEuanBlZyIsInNsaWRlc2hvdyI6Ijg5Y2YwMmUifQ%3D%3D\">\n\t\t\t\t\t<div class=\"e-gallery-image elementor-gallery-item__image\" data-thumbnail=\"https:\/\/www.willi-graf-schulen.de\/realschule\/wp-content\/uploads\/sites\/4\/2025\/06\/bananen1-300x225.jpeg\" data-width=\"300\" data-height=\"225\" aria-label=\"\" role=\"img\" ><\/div>\n\t\t\t\t\t\t\t\t\t\t\t<div class=\"elementor-gallery-item__overlay\"><\/div>\n\t\t\t\t\t\t\t\t\t\t\t\t\t\t<\/a>\n\t\t\t\t\t\t\t<a class=\"e-gallery-item elementor-gallery-item elementor-animated-content\" href=\"https:\/\/www.willi-graf-schulen.de\/realschule\/wp-content\/uploads\/sites\/4\/2025\/06\/workshop_jubi_3.jpeg\" data-elementor-open-lightbox=\"yes\" data-elementor-lightbox-slideshow=\"89cf02e\" data-elementor-lightbox-title=\"workshop_jubi_3\" data-e-action-hash=\"#elementor-action%3Aaction%3Dlightbox%26settings%3DeyJpZCI6Nzc3NiwidXJsIjoiaHR0cHM6XC9cL3d3dy53aWxsaS1ncmFmLXNjaHVsZW4uZGVcL3JlYWxzY2h1bGVcL3dwLWNvbnRlbnRcL3VwbG9hZHNcL3NpdGVzXC80XC8yMDI1XC8wNlwvd29ya3Nob3BfanViaV8zLmpwZWciLCJzbGlkZXNob3ciOiI4OWNmMDJlIn0%3D\">\n\t\t\t\t\t<div class=\"e-gallery-image elementor-gallery-item__image\" data-thumbnail=\"https:\/\/www.willi-graf-schulen.de\/realschule\/wp-content\/uploads\/sites\/4\/2025\/06\/workshop_jubi_3-225x300.jpeg\" data-width=\"225\" data-height=\"300\" aria-label=\"\" role=\"img\" ><\/div>\n\t\t\t\t\t\t\t\t\t\t\t<div class=\"elementor-gallery-item__overlay\"><\/div>\n\t\t\t\t\t\t\t\t\t\t\t\t\t\t<\/a>\n\t\t\t\t\t\t\t<a class=\"e-gallery-item elementor-gallery-item elementor-animated-content\" href=\"https:\/\/www.willi-graf-schulen.de\/realschule\/wp-content\/uploads\/sites\/4\/2025\/06\/fairtrade_Jubi_2.jpg\" data-elementor-open-lightbox=\"yes\" data-elementor-lightbox-slideshow=\"89cf02e\" data-elementor-lightbox-title=\"fairtrade_Jubi_2\" data-e-action-hash=\"#elementor-action%3Aaction%3Dlightbox%26settings%3DeyJpZCI6Nzc3NywidXJsIjoiaHR0cHM6XC9cL3d3dy53aWxsaS1ncmFmLXNjaHVsZW4uZGVcL3JlYWxzY2h1bGVcL3dwLWNvbnRlbnRcL3VwbG9hZHNcL3NpdGVzXC80XC8yMDI1XC8wNlwvZmFpcnRyYWRlX0p1YmlfMi5qcGciLCJzbGlkZXNob3ciOiI4OWNmMDJlIn0%3D\">\n\t\t\t\t\t<div class=\"e-gallery-image elementor-gallery-item__image\" data-thumbnail=\"https:\/\/www.willi-graf-schulen.de\/realschule\/wp-content\/uploads\/sites\/4\/2025\/06\/fairtrade_Jubi_2-225x300.jpg\" data-width=\"225\" data-height=\"300\" aria-label=\"\" role=\"img\" ><\/div>\n\t\t\t\t\t\t\t\t\t\t\t<div class=\"elementor-gallery-item__overlay\"><\/div>\n\t\t\t\t\t\t\t\t\t\t\t\t\t\t<\/a>\n\t\t\t\t\t\t\t<a class=\"e-gallery-item elementor-gallery-item elementor-animated-content\" href=\"https:\/\/www.willi-graf-schulen.de\/realschule\/wp-content\/uploads\/sites\/4\/2025\/06\/fairtrade_Jubi_1.jpg\" data-elementor-open-lightbox=\"yes\" data-elementor-lightbox-slideshow=\"89cf02e\" data-elementor-lightbox-title=\"fairtrade_Jubi_1\" data-e-action-hash=\"#elementor-action%3Aaction%3Dlightbox%26settings%3DeyJpZCI6Nzc4MSwidXJsIjoiaHR0cHM6XC9cL3d3dy53aWxsaS1ncmFmLXNjaHVsZW4uZGVcL3JlYWxzY2h1bGVcL3dwLWNvbnRlbnRcL3VwbG9hZHNcL3NpdGVzXC80XC8yMDI1XC8wNlwvZmFpcnRyYWRlX0p1YmlfMS5qcGciLCJzbGlkZXNob3ciOiI4OWNmMDJlIn0%3D\">\n\t\t\t\t\t<div class=\"e-gallery-image elementor-gallery-item__image\" data-thumbnail=\"https:\/\/www.willi-graf-schulen.de\/realschule\/wp-content\/uploads\/sites\/4\/2025\/06\/fairtrade_Jubi_1-225x300.jpg\" data-width=\"225\" data-height=\"300\" aria-label=\"\" role=\"img\" ><\/div>\n\t\t\t\t\t\t\t\t\t\t\t<div class=\"elementor-gallery-item__overlay\"><\/div>\n\t\t\t\t\t\t\t\t\t\t\t\t\t\t<\/a>\n\t\t\t\t\t<\/div>\n\t\t\t\t\t<\/div>\n\t\t\t\t<\/div>\n\t\t\t\t\t<\/div>\n\t\t<\/div>\n\t\t\t\t\t<\/div>\n\t\t<\/section>\n\t\t\t\t<section class=\"elementor-section elementor-top-section elementor-element elementor-element-ccfe1f8 elementor-section-boxed elementor-section-height-default elementor-section-height-default\" data-id=\"ccfe1f8\" data-element_type=\"section\" data-e-type=\"section\" data-settings=\"{&quot;jet_parallax_layout_list&quot;:[]}\">\n\t\t\t\t\t\t<div class=\"elementor-container elementor-column-gap-default\">\n\t\t\t\t\t<div class=\"elementor-column elementor-col-100 elementor-top-column elementor-element elementor-element-e4ed403\" data-id=\"e4ed403\" data-element_type=\"column\" data-e-type=\"column\">\n\t\t\t<div class=\"elementor-widget-wrap elementor-element-populated\">\n\t\t\t\t\t\t<div class=\"elementor-element elementor-element-7be1480 elementor-widget-divider--view-line elementor-widget elementor-widget-divider\" data-id=\"7be1480\" data-element_type=\"widget\" data-e-type=\"widget\" data-widget_type=\"divider.default\">\n\t\t\t\t<div class=\"elementor-widget-container\">\n\t\t\t\t\t\t\t<div class=\"elementor-divider\">\n\t\t\t<span class=\"elementor-divider-separator\">\n\t\t\t\t\t\t<\/span>\n\t\t<\/div>\n\t\t\t\t\t\t<\/div>\n\t\t\t\t<\/div>\n\t\t\t\t\t<\/div>\n\t\t<\/div>\n\t\t\t\t\t<\/div>\n\t\t<\/section>\n\t\t\t\t<section class=\"elementor-section elementor-top-section elementor-element elementor-element-6ae26b8 elementor-section-boxed elementor-section-height-default elementor-section-height-default\" data-id=\"6ae26b8\" data-element_type=\"section\" data-e-type=\"section\" data-settings=\"{&quot;jet_parallax_layout_list&quot;:[]}\">\n\t\t\t\t\t\t<div class=\"elementor-container elementor-column-gap-default\">\n\t\t\t\t\t<div class=\"elementor-column elementor-col-100 elementor-top-column elementor-element elementor-element-a04eec3\" data-id=\"a04eec3\" data-element_type=\"column\" data-e-type=\"column\">\n\t\t\t<div class=\"elementor-widget-wrap elementor-element-populated\">\n\t\t\t\t\t\t<div class=\"elementor-element elementor-element-55629ac elementor-widget elementor-widget-text-editor\" data-id=\"55629ac\" data-element_type=\"widget\" data-e-type=\"widget\" data-widget_type=\"text-editor.default\">\n\t\t\t\t<div class=\"elementor-widget-container\">\n\t\t\t\t\t\t\t\t\t<p>Ausstellungen von inkota.de<\/p><ol><li>Rohstoffwende<\/li><li>Make Chokolate fair<\/li><li>Change your shoes<\/li><\/ol>\t\t\t\t\t\t\t\t<\/div>\n\t\t\t\t<\/div>\n\t\t\t\t\t<\/div>\n\t\t<\/div>\n\t\t\t\t\t<\/div>\n\t\t<\/section>\n\t\t\t\t<section class=\"elementor-section elementor-top-section elementor-element elementor-element-a736aa3 elementor-section-boxed elementor-section-height-default elementor-section-height-default\" data-id=\"a736aa3\" data-element_type=\"section\" data-e-type=\"section\" data-settings=\"{&quot;jet_parallax_layout_list&quot;:[]}\">\n\t\t\t\t\t\t<div class=\"elementor-container elementor-column-gap-default\">\n\t\t\t\t\t<div class=\"elementor-column elementor-col-100 elementor-top-column elementor-element elementor-element-4e08a8e\" data-id=\"4e08a8e\" data-element_type=\"column\" data-e-type=\"column\">\n\t\t\t<div class=\"elementor-widget-wrap elementor-element-populated\">\n\t\t\t\t\t\t<div class=\"elementor-element elementor-element-457e9bb elementor-widget elementor-widget-gallery\" data-id=\"457e9bb\" data-element_type=\"widget\" data-e-type=\"widget\" data-settings=\"{&quot;gallery_layout&quot;:&quot;justified&quot;,&quot;lazyload&quot;:&quot;yes&quot;,&quot;ideal_row_height&quot;:{&quot;unit&quot;:&quot;px&quot;,&quot;size&quot;:200,&quot;sizes&quot;:[]},&quot;ideal_row_height_tablet&quot;:{&quot;unit&quot;:&quot;px&quot;,&quot;size&quot;:150,&quot;sizes&quot;:[]},&quot;ideal_row_height_mobile&quot;:{&quot;unit&quot;:&quot;px&quot;,&quot;size&quot;:150,&quot;sizes&quot;:[]},&quot;gap&quot;:{&quot;unit&quot;:&quot;px&quot;,&quot;size&quot;:10,&quot;sizes&quot;:[]},&quot;gap_tablet&quot;:{&quot;unit&quot;:&quot;px&quot;,&quot;size&quot;:10,&quot;sizes&quot;:[]},&quot;gap_mobile&quot;:{&quot;unit&quot;:&quot;px&quot;,&quot;size&quot;:10,&quot;sizes&quot;:[]},&quot;link_to&quot;:&quot;file&quot;,&quot;overlay_background&quot;:&quot;yes&quot;,&quot;content_hover_animation&quot;:&quot;fade-in&quot;}\" data-widget_type=\"gallery.default\">\n\t\t\t\t<div class=\"elementor-widget-container\">\n\t\t\t\t\t\t\t<div class=\"elementor-gallery__container\">\n\t\t\t\t\t\t\t<a class=\"e-gallery-item elementor-gallery-item elementor-animated-content\" href=\"https:\/\/www.willi-graf-schulen.de\/realschule\/wp-content\/uploads\/sites\/4\/2025\/06\/rohstoffwende6.jpg\" data-elementor-open-lightbox=\"yes\" data-elementor-lightbox-slideshow=\"457e9bb\" data-elementor-lightbox-title=\"Rohstoffwende\" data-e-action-hash=\"#elementor-action%3Aaction%3Dlightbox%26settings%3DeyJpZCI6Nzc4MiwidXJsIjoiaHR0cHM6XC9cL3d3dy53aWxsaS1ncmFmLXNjaHVsZW4uZGVcL3JlYWxzY2h1bGVcL3dwLWNvbnRlbnRcL3VwbG9hZHNcL3NpdGVzXC80XC8yMDI1XC8wNlwvcm9oc3RvZmZ3ZW5kZTYuanBnIiwic2xpZGVzaG93IjoiNDU3ZTliYiJ9\">\n\t\t\t\t\t<div class=\"e-gallery-image elementor-gallery-item__image\" data-thumbnail=\"https:\/\/www.willi-graf-schulen.de\/realschule\/wp-content\/uploads\/sites\/4\/2025\/06\/rohstoffwende6-225x300.jpg\" data-width=\"225\" data-height=\"300\" aria-label=\"\" role=\"img\" ><\/div>\n\t\t\t\t\t\t\t\t\t\t\t<div class=\"elementor-gallery-item__overlay\"><\/div>\n\t\t\t\t\t\t\t\t\t\t\t\t\t\t<\/a>\n\t\t\t\t\t\t\t<a class=\"e-gallery-item elementor-gallery-item elementor-animated-content\" href=\"https:\/\/www.willi-graf-schulen.de\/realschule\/wp-content\/uploads\/sites\/4\/2025\/06\/rohstoffwende2.jpg\" data-elementor-open-lightbox=\"yes\" data-elementor-lightbox-slideshow=\"457e9bb\" data-elementor-lightbox-title=\"Rohstoffwende\" data-e-action-hash=\"#elementor-action%3Aaction%3Dlightbox%26settings%3DeyJpZCI6Nzc4MCwidXJsIjoiaHR0cHM6XC9cL3d3dy53aWxsaS1ncmFmLXNjaHVsZW4uZGVcL3JlYWxzY2h1bGVcL3dwLWNvbnRlbnRcL3VwbG9hZHNcL3NpdGVzXC80XC8yMDI1XC8wNlwvcm9oc3RvZmZ3ZW5kZTIuanBnIiwic2xpZGVzaG93IjoiNDU3ZTliYiJ9\">\n\t\t\t\t\t<div class=\"e-gallery-image elementor-gallery-item__image\" data-thumbnail=\"https:\/\/www.willi-graf-schulen.de\/realschule\/wp-content\/uploads\/sites\/4\/2025\/06\/rohstoffwende2-225x300.jpg\" data-width=\"225\" data-height=\"300\" aria-label=\"\" role=\"img\" ><\/div>\n\t\t\t\t\t\t\t\t\t\t\t<div class=\"elementor-gallery-item__overlay\"><\/div>\n\t\t\t\t\t\t\t\t\t\t\t\t\t\t<\/a>\n\t\t\t\t\t\t\t<a class=\"e-gallery-item elementor-gallery-item elementor-animated-content\" href=\"https:\/\/www.willi-graf-schulen.de\/realschule\/wp-content\/uploads\/sites\/4\/2025\/06\/rohstoffwende5.jpg\" data-elementor-open-lightbox=\"yes\" data-elementor-lightbox-slideshow=\"457e9bb\" data-elementor-lightbox-title=\"Rohstoffwende\" data-e-action-hash=\"#elementor-action%3Aaction%3Dlightbox%26settings%3DeyJpZCI6Nzc3OSwidXJsIjoiaHR0cHM6XC9cL3d3dy53aWxsaS1ncmFmLXNjaHVsZW4uZGVcL3JlYWxzY2h1bGVcL3dwLWNvbnRlbnRcL3VwbG9hZHNcL3NpdGVzXC80XC8yMDI1XC8wNlwvcm9oc3RvZmZ3ZW5kZTUuanBnIiwic2xpZGVzaG93IjoiNDU3ZTliYiJ9\">\n\t\t\t\t\t<div class=\"e-gallery-image elementor-gallery-item__image\" data-thumbnail=\"https:\/\/www.willi-graf-schulen.de\/realschule\/wp-content\/uploads\/sites\/4\/2025\/06\/rohstoffwende5-225x300.jpg\" data-width=\"225\" data-height=\"300\" aria-label=\"\" role=\"img\" ><\/div>\n\t\t\t\t\t\t\t\t\t\t\t<div class=\"elementor-gallery-item__overlay\"><\/div>\n\t\t\t\t\t\t\t\t\t\t\t\t\t\t<\/a>\n\t\t\t\t\t\t\t<a class=\"e-gallery-item elementor-gallery-item elementor-animated-content\" href=\"https:\/\/www.willi-graf-schulen.de\/realschule\/wp-content\/uploads\/sites\/4\/2025\/06\/rohstoffwende2a.jpg\" data-elementor-open-lightbox=\"yes\" data-elementor-lightbox-slideshow=\"457e9bb\" data-elementor-lightbox-title=\"Rohstoffwende\" data-e-action-hash=\"#elementor-action%3Aaction%3Dlightbox%26settings%3DeyJpZCI6Nzc3OCwidXJsIjoiaHR0cHM6XC9cL3d3dy53aWxsaS1ncmFmLXNjaHVsZW4uZGVcL3JlYWxzY2h1bGVcL3dwLWNvbnRlbnRcL3VwbG9hZHNcL3NpdGVzXC80XC8yMDI1XC8wNlwvcm9oc3RvZmZ3ZW5kZTJhLmpwZyIsInNsaWRlc2hvdyI6IjQ1N2U5YmIifQ%3D%3D\">\n\t\t\t\t\t<div class=\"e-gallery-image elementor-gallery-item__image\" data-thumbnail=\"https:\/\/www.willi-graf-schulen.de\/realschule\/wp-content\/uploads\/sites\/4\/2025\/06\/rohstoffwende2a-300x225.jpg\" data-width=\"300\" data-height=\"225\" aria-label=\"\" role=\"img\" ><\/div>\n\t\t\t\t\t\t\t\t\t\t\t<div class=\"elementor-gallery-item__overlay\"><\/div>\n\t\t\t\t\t\t\t\t\t\t\t\t\t\t<\/a>\n\t\t\t\t\t\t\t<a class=\"e-gallery-item elementor-gallery-item elementor-animated-content\" href=\"https:\/\/www.willi-graf-schulen.de\/realschule\/wp-content\/uploads\/sites\/4\/2025\/06\/make_chokolate_fair.jpg\" data-elementor-open-lightbox=\"yes\" data-elementor-lightbox-slideshow=\"457e9bb\" data-elementor-lightbox-title=\"make_chokolate_fair\" data-e-action-hash=\"#elementor-action%3Aaction%3Dlightbox%26settings%3DeyJpZCI6Nzc4NCwidXJsIjoiaHR0cHM6XC9cL3d3dy53aWxsaS1ncmFmLXNjaHVsZW4uZGVcL3JlYWxzY2h1bGVcL3dwLWNvbnRlbnRcL3VwbG9hZHNcL3NpdGVzXC80XC8yMDI1XC8wNlwvbWFrZV9jaG9rb2xhdGVfZmFpci5qcGciLCJzbGlkZXNob3ciOiI0NTdlOWJiIn0%3D\">\n\t\t\t\t\t<div class=\"e-gallery-image elementor-gallery-item__image\" data-thumbnail=\"https:\/\/www.willi-graf-schulen.de\/realschule\/wp-content\/uploads\/sites\/4\/2025\/06\/make_chokolate_fair-126x300.jpg\" data-width=\"126\" data-height=\"300\" aria-label=\"\" role=\"img\" ><\/div>\n\t\t\t\t\t\t\t\t\t\t\t<div class=\"elementor-gallery-item__overlay\"><\/div>\n\t\t\t\t\t\t\t\t\t\t\t\t\t\t<\/a>\n\t\t\t\t\t\t\t<a class=\"e-gallery-item elementor-gallery-item elementor-animated-content\" href=\"https:\/\/www.willi-graf-schulen.de\/realschule\/wp-content\/uploads\/sites\/4\/2025\/06\/change-your-shoes.jpg\" data-elementor-open-lightbox=\"yes\" data-elementor-lightbox-slideshow=\"457e9bb\" data-elementor-lightbox-title=\"change your shoes\" data-e-action-hash=\"#elementor-action%3Aaction%3Dlightbox%26settings%3DeyJpZCI6Nzc4MywidXJsIjoiaHR0cHM6XC9cL3d3dy53aWxsaS1ncmFmLXNjaHVsZW4uZGVcL3JlYWxzY2h1bGVcL3dwLWNvbnRlbnRcL3VwbG9hZHNcL3NpdGVzXC80XC8yMDI1XC8wNlwvY2hhbmdlLXlvdXItc2hvZXMuanBnIiwic2xpZGVzaG93IjoiNDU3ZTliYiJ9\">\n\t\t\t\t\t<div class=\"e-gallery-image elementor-gallery-item__image\" data-thumbnail=\"https:\/\/www.willi-graf-schulen.de\/realschule\/wp-content\/uploads\/sites\/4\/2025\/06\/change-your-shoes-116x300.jpg\" data-width=\"116\" data-height=\"300\" aria-label=\"\" role=\"img\" ><\/div>\n\t\t\t\t\t\t\t\t\t\t\t<div class=\"elementor-gallery-item__overlay\"><\/div>\n\t\t\t\t\t\t\t\t\t\t\t\t\t\t<\/a>\n\t\t\t\t\t<\/div>\n\t\t\t\t\t<\/div>\n\t\t\t\t<\/div>\n\t\t\t\t\t<\/div>\n\t\t<\/div>\n\t\t\t\t\t<\/div>\n\t\t<\/section>\n\t\t\t\t<\/div>\n\t\t","protected":false},"excerpt":{"rendered":"<p>Zehn Jahre Engagement f\u00fcr den fairen Handel Die Willi-Graf-Realschule in Saarbr\u00fccken ist seit zehn Jahren zertifizierte Fairtrade-School und das Jubil\u00e4um wurde gro\u00df gefeiert. Vor dem Banabus feiern Sch\u00fclerinnen und Sch\u00fcler gemeinsam mit Schulleiter Stephan Arnold, Regionalverbandsdirektorin Carolin Lehberger, Bildungsdezernentin Kerstin Theobald,\u00a0 Winnie Mbindyo von Fairtrade Deutschland und Ansprechpartnerin f\u00fcr BNE und Fairtrade an der Schule [&hellip;]<\/p>\n","protected":false},"author":7,"featured_media":7702,"comment_status":"open","ping_status":"open","sticky":false,"template":"","format":"standard","meta":{"footnotes":""},"categories":[6,1],"tags":[],"class_list":["post-7751","post","type-post","status-publish","format-standard","has-post-thumbnail","hentry","category-aktuelles","category-allgemein"],"_links":{"self":[{"href":"https:\/\/www.willi-graf-schulen.de\/realschule\/wp-json\/wp\/v2\/posts\/7751","targetHints":{"allow":["GET"]}}],"collection":[{"href":"https:\/\/www.willi-graf-schulen.de\/realschule\/wp-json\/wp\/v2\/posts"}],"about":[{"href":"https:\/\/www.willi-graf-schulen.de\/realschule\/wp-json\/wp\/v2\/types\/post"}],"author":[{"embeddable":true,"href":"https:\/\/www.willi-graf-schulen.de\/realschule\/wp-json\/wp\/v2\/users\/7"}],"replies":[{"embeddable":true,"href":"https:\/\/www.willi-graf-schulen.de\/realschule\/wp-json\/wp\/v2\/comments?post=7751"}],"version-history":[{"count":16,"href":"https:\/\/www.willi-graf-schulen.de\/realschule\/wp-json\/wp\/v2\/posts\/7751\/revisions"}],"predecessor-version":[{"id":7866,"href":"https:\/\/www.willi-graf-schulen.de\/realschule\/wp-json\/wp\/v2\/posts\/7751\/revisions\/7866"}],"wp:featuredmedia":[{"embeddable":true,"href":"https:\/\/www.willi-graf-schulen.de\/realschule\/wp-json\/wp\/v2\/media\/7702"}],"wp:attachment":[{"href":"https:\/\/www.willi-graf-schulen.de\/realschule\/wp-json\/wp\/v2\/media?parent=7751"}],"wp:term":[{"taxonomy":"category","embeddable":true,"href":"https:\/\/www.willi-graf-schulen.de\/realschule\/wp-json\/wp\/v2\/categories?post=7751"},{"taxonomy":"post_tag","embeddable":true,"href":"https:\/\/www.willi-graf-schulen.de\/realschule\/wp-json\/wp\/v2\/tags?post=7751"}],"curies":[{"name":"wp","href":"https:\/\/api.w.org\/{rel}","templated":true}]}}