{"id":8277,"date":"2025-11-27T10:18:21","date_gmt":"2025-11-27T09:18:21","guid":{"rendered":"https:\/\/www.willi-graf-schulen.de\/realschule\/?p=8277"},"modified":"2026-01-12T14:43:10","modified_gmt":"2026-01-12T13:43:10","slug":"thementag-24-11-25","status":"publish","type":"post","link":"https:\/\/www.willi-graf-schulen.de\/realschule\/thementag-24-11-25\/","title":{"rendered":"Thementag, 24.11.25"},"content":{"rendered":"<p>Im Rahmen des Projektes &#8222;Demokratie und Arbeitswelt&#8220; befassten sich die Sch\u00fcler der 10. Klasse mit den demokratischen Mitbestimmungsrechten, die ihnen als Arbeitnehmer zustehen. In verschiedenen \u00dcbungen nahmen die Jugendlichen zum Beispiel die Rolle von Gr\u00fcndern ein, um einen Einblick in betriebliche Abl\u00e4ufe zu erhalten. Die praxisnahe Demokratieerfahrung stie\u00df dabei auf gro\u00dfes Lob. Danke an die Arbeitskammer Saar f\u00fcr die Durchf\u00fchrung des Thementages.<\/p>\n<p>\t\t\t\t\t\t\t<a href=\"https:\/\/www.willi-graf-schulen.de\/realschule\/wp-content\/uploads\/sites\/4\/2025\/11\/5b4732e6-1147-4c7f-82e8-5e695bb7f5d6-1.jpeg\" data-elementor-open-lightbox=\"yes\" data-elementor-lightbox-slideshow=\"778bef7\" data-elementor-lightbox-title=\"5b4732e6-1147-4c7f-82e8-5e695bb7f5d6\" data-e-action-hash=\"#elementor-action%3Aaction%3Dlightbox%26settings%3DeyJpZCI6ODI5MCwidXJsIjoiaHR0cHM6XC9cL3d3dy53aWxsaS1ncmFmLXNjaHVsZW4uZGVcL3JlYWxzY2h1bGVcL3dwLWNvbnRlbnRcL3VwbG9hZHNcL3NpdGVzXC80XC8yMDI1XC8xMVwvNWI0NzMyZTYtMTE0Ny00YzdmLTgyZTgtNWU2OTViYjdmNWQ2LTEuanBlZyIsInNsaWRlc2hvdyI6Ijc3OGJlZjcifQ%3D%3D\"><br \/>\n\t\t\t\t\t\t\t\t\t\t\t\t\t\t<\/a><br \/>\n\t\t\t\t\t\t\t<a href=\"https:\/\/www.willi-graf-schulen.de\/realschule\/wp-content\/uploads\/sites\/4\/2025\/11\/4302cc86-6321-4ae4-ae71-d634eddc0403-1.jpeg\" data-elementor-open-lightbox=\"yes\" data-elementor-lightbox-slideshow=\"778bef7\" data-elementor-lightbox-title=\"4302cc86-6321-4ae4-ae71-d634eddc0403\" data-e-action-hash=\"#elementor-action%3Aaction%3Dlightbox%26settings%3DeyJpZCI6ODI5MSwidXJsIjoiaHR0cHM6XC9cL3d3dy53aWxsaS1ncmFmLXNjaHVsZW4uZGVcL3JlYWxzY2h1bGVcL3dwLWNvbnRlbnRcL3VwbG9hZHNcL3NpdGVzXC80XC8yMDI1XC8xMVwvNDMwMmNjODYtNjMyMS00YWU0LWFlNzEtZDYzNGVkZGMwNDAzLTEuanBlZyIsInNsaWRlc2hvdyI6Ijc3OGJlZjcifQ%3D%3D\"><br \/>\n\t\t\t\t\t\t\t\t\t\t\t\t\t\t<\/a><br \/>\n\t\t\t\t\t\t\t<a href=\"https:\/\/www.willi-graf-schulen.de\/realschule\/wp-content\/uploads\/sites\/4\/2025\/11\/9dba8e8e-d381-4505-85c1-0398ce203d55-1.jpeg\" data-elementor-open-lightbox=\"yes\" data-elementor-lightbox-slideshow=\"778bef7\" data-elementor-lightbox-title=\"9dba8e8e-d381-4505-85c1-0398ce203d55\" data-e-action-hash=\"#elementor-action%3Aaction%3Dlightbox%26settings%3DeyJpZCI6ODI5MiwidXJsIjoiaHR0cHM6XC9cL3d3dy53aWxsaS1ncmFmLXNjaHVsZW4uZGVcL3JlYWxzY2h1bGVcL3dwLWNvbnRlbnRcL3VwbG9hZHNcL3NpdGVzXC80XC8yMDI1XC8xMVwvOWRiYThlOGUtZDM4MS00NTA1LTg1YzEtMDM5OGNlMjAzZDU1LTEuanBlZyIsInNsaWRlc2hvdyI6Ijc3OGJlZjcifQ%3D%3D\"><br \/>\n\t\t\t\t\t\t\t\t\t\t\t\t\t\t<\/a><br \/>\n\t\t\t\t\t\t\t<a href=\"https:\/\/www.willi-graf-schulen.de\/realschule\/wp-content\/uploads\/sites\/4\/2025\/11\/e5c6d74f-5fdc-448d-a44b-10bc318b14e8-1.jpeg\" data-elementor-open-lightbox=\"yes\" data-elementor-lightbox-slideshow=\"778bef7\" data-elementor-lightbox-title=\"e5c6d74f-5fdc-448d-a44b-10bc318b14e8\" data-e-action-hash=\"#elementor-action%3Aaction%3Dlightbox%26settings%3DeyJpZCI6ODI5MywidXJsIjoiaHR0cHM6XC9cL3d3dy53aWxsaS1ncmFmLXNjaHVsZW4uZGVcL3JlYWxzY2h1bGVcL3dwLWNvbnRlbnRcL3VwbG9hZHNcL3NpdGVzXC80XC8yMDI1XC8xMVwvZTVjNmQ3NGYtNWZkYy00NDhkLWE0NGItMTBiYzMxOGIxNGU4LTEuanBlZyIsInNsaWRlc2hvdyI6Ijc3OGJlZjcifQ%3D%3D\"><br \/>\n\t\t\t\t\t\t\t\t\t\t\t\t\t\t<\/a><br \/>\n\t\t\t\t\t\t\t<a href=\"https:\/\/www.willi-graf-schulen.de\/realschule\/wp-content\/uploads\/sites\/4\/2025\/11\/4c8dd058-1cda-4dfb-81ec-7eb26f4c546a-1.jpeg\" data-elementor-open-lightbox=\"yes\" data-elementor-lightbox-slideshow=\"778bef7\" data-elementor-lightbox-title=\"4c8dd058-1cda-4dfb-81ec-7eb26f4c546a\" data-e-action-hash=\"#elementor-action%3Aaction%3Dlightbox%26settings%3DeyJpZCI6ODI5NCwidXJsIjoiaHR0cHM6XC9cL3d3dy53aWxsaS1ncmFmLXNjaHVsZW4uZGVcL3JlYWxzY2h1bGVcL3dwLWNvbnRlbnRcL3VwbG9hZHNcL3NpdGVzXC80XC8yMDI1XC8xMVwvNGM4ZGQwNTgtMWNkYS00ZGZiLTgxZWMtN2ViMjZmNGM1NDZhLTEuanBlZyIsInNsaWRlc2hvdyI6Ijc3OGJlZjcifQ%3D%3D\"><br \/>\n\t\t\t\t\t\t\t\t\t\t\t\t\t\t<\/a><br \/>\n\t\t\t\t\t\t\t<a href=\"https:\/\/www.willi-graf-schulen.de\/realschule\/wp-content\/uploads\/sites\/4\/2025\/11\/97ce3fcd-2fed-4d65-9576-9014ce8d462a-1.jpeg\" data-elementor-open-lightbox=\"yes\" data-elementor-lightbox-slideshow=\"778bef7\" data-elementor-lightbox-title=\"97ce3fcd-2fed-4d65-9576-9014ce8d462a\" data-e-action-hash=\"#elementor-action%3Aaction%3Dlightbox%26settings%3DeyJpZCI6ODI5NSwidXJsIjoiaHR0cHM6XC9cL3d3dy53aWxsaS1ncmFmLXNjaHVsZW4uZGVcL3JlYWxzY2h1bGVcL3dwLWNvbnRlbnRcL3VwbG9hZHNcL3NpdGVzXC80XC8yMDI1XC8xMVwvOTdjZTNmY2QtMmZlZC00ZDY1LTk1NzYtOTAxNGNlOGQ0NjJhLTEuanBlZyIsInNsaWRlc2hvdyI6Ijc3OGJlZjcifQ%3D%3D\"><br \/>\n\t\t\t\t\t\t\t\t\t\t\t\t\t\t<\/a><br \/>\n\t\t\t\t\t\t\t<a href=\"https:\/\/www.willi-graf-schulen.de\/realschule\/wp-content\/uploads\/sites\/4\/2025\/11\/51e139a6-0f6d-44b0-9fca-4f5117acc10d-1.jpeg\" data-elementor-open-lightbox=\"yes\" data-elementor-lightbox-slideshow=\"778bef7\" data-elementor-lightbox-title=\"51e139a6-0f6d-44b0-9fca-4f5117acc10d\" data-e-action-hash=\"#elementor-action%3Aaction%3Dlightbox%26settings%3DeyJpZCI6ODI5NiwidXJsIjoiaHR0cHM6XC9cL3d3dy53aWxsaS1ncmFmLXNjaHVsZW4uZGVcL3JlYWxzY2h1bGVcL3dwLWNvbnRlbnRcL3VwbG9hZHNcL3NpdGVzXC80XC8yMDI1XC8xMVwvNTFlMTM5YTYtMGY2ZC00NGIwLTlmY2EtNGY1MTE3YWNjMTBkLTEuanBlZyIsInNsaWRlc2hvdyI6Ijc3OGJlZjcifQ%3D%3D\"><br \/>\n\t\t\t\t\t\t\t\t\t\t\t\t\t\t<\/a><br \/>\n\t\t\t\t\t\t\t<a href=\"https:\/\/www.willi-graf-schulen.de\/realschule\/wp-content\/uploads\/sites\/4\/2025\/11\/34a863f3-2334-4e60-9472-5e90129539fe-1.jpeg\" data-elementor-open-lightbox=\"yes\" data-elementor-lightbox-slideshow=\"778bef7\" data-elementor-lightbox-title=\"34a863f3-2334-4e60-9472-5e90129539fe\" data-e-action-hash=\"#elementor-action%3Aaction%3Dlightbox%26settings%3DeyJpZCI6ODI5NywidXJsIjoiaHR0cHM6XC9cL3d3dy53aWxsaS1ncmFmLXNjaHVsZW4uZGVcL3JlYWxzY2h1bGVcL3dwLWNvbnRlbnRcL3VwbG9hZHNcL3NpdGVzXC80XC8yMDI1XC8xMVwvMzRhODYzZjMtMjMzNC00ZTYwLTk0NzItNWU5MDEyOTUzOWZlLTEuanBlZyIsInNsaWRlc2hvdyI6Ijc3OGJlZjcifQ%3D%3D\"><br \/>\n\t\t\t\t\t\t\t\t\t\t\t\t\t\t<\/a><\/p>\n<p>Ein Teil der 9er war an der Uni im InfoLab der Fachrichtung Informatik und hat dort Lego-Roboter programmiert. Die Roboter konnten am Ende verschiedene Farben erkennen, kurze Wege abfahren und in verschiedenen Geschwindigkeiten fahren. Dabei konnten einige Sch\u00fcler, die Informatik in der Schule als Fach haben, ihr Wissen vertiefen und anwenden, w\u00e4hrend andere erste Einblicke ins Programmieren erhielten.<\/p>\n<p>\t\t\t\t\t\t\t<a href=\"https:\/\/www.willi-graf-schulen.de\/realschule\/wp-content\/uploads\/sites\/4\/2025\/11\/189edb95-d36f-4b62-a49c-64be9b019999.jpeg\" data-elementor-open-lightbox=\"yes\" data-elementor-lightbox-slideshow=\"6f651ee\" data-elementor-lightbox-title=\"189edb95-d36f-4b62-a49c-64be9b019999\" data-e-action-hash=\"#elementor-action%3Aaction%3Dlightbox%26settings%3DeyJpZCI6ODI4NywidXJsIjoiaHR0cHM6XC9cL3d3dy53aWxsaS1ncmFmLXNjaHVsZW4uZGVcL3JlYWxzY2h1bGVcL3dwLWNvbnRlbnRcL3VwbG9hZHNcL3NpdGVzXC80XC8yMDI1XC8xMVwvMTg5ZWRiOTUtZDM2Zi00YjYyLWE0OWMtNjRiZTliMDE5OTk5LmpwZWciLCJzbGlkZXNob3ciOiI2ZjY1MWVlIn0%3D\"><br \/>\n\t\t\t\t\t\t\t\t\t\t\t\t\t\t<\/a><br \/>\n\t\t\t\t\t\t\t<a href=\"https:\/\/www.willi-graf-schulen.de\/realschule\/wp-content\/uploads\/sites\/4\/2025\/11\/f4ebb888-6e76-4fc2-b1af-481eaf6b2b7b.jpeg\" data-elementor-open-lightbox=\"yes\" data-elementor-lightbox-slideshow=\"6f651ee\" data-elementor-lightbox-title=\"f4ebb888-6e76-4fc2-b1af-481eaf6b2b7b\" data-e-action-hash=\"#elementor-action%3Aaction%3Dlightbox%26settings%3DeyJpZCI6ODI4OCwidXJsIjoiaHR0cHM6XC9cL3d3dy53aWxsaS1ncmFmLXNjaHVsZW4uZGVcL3JlYWxzY2h1bGVcL3dwLWNvbnRlbnRcL3VwbG9hZHNcL3NpdGVzXC80XC8yMDI1XC8xMVwvZjRlYmI4ODgtNmU3Ni00ZmMyLWIxYWYtNDgxZWFmNmIyYjdiLmpwZWciLCJzbGlkZXNob3ciOiI2ZjY1MWVlIn0%3D\"><br \/>\n\t\t\t\t\t\t\t\t\t\t\t\t\t\t<\/a><br \/>\n\t\t\t\t\t\t\t<a href=\"https:\/\/www.willi-graf-schulen.de\/realschule\/wp-content\/uploads\/sites\/4\/2025\/11\/31db3cbe-9ee7-4e84-90b8-487f42e50803.jpeg\" data-elementor-open-lightbox=\"yes\" data-elementor-lightbox-slideshow=\"6f651ee\" data-elementor-lightbox-title=\"31db3cbe-9ee7-4e84-90b8-487f42e50803\" data-e-action-hash=\"#elementor-action%3Aaction%3Dlightbox%26settings%3DeyJpZCI6ODI4OSwidXJsIjoiaHR0cHM6XC9cL3d3dy53aWxsaS1ncmFmLXNjaHVsZW4uZGVcL3JlYWxzY2h1bGVcL3dwLWNvbnRlbnRcL3VwbG9hZHNcL3NpdGVzXC80XC8yMDI1XC8xMVwvMzFkYjNjYmUtOWVlNy00ZTg0LTkwYjgtNDg3ZjQyZTUwODAzLmpwZWciLCJzbGlkZXNob3ciOiI2ZjY1MWVlIn0%3D\"><br \/>\n\t\t\t\t\t\t\t\t\t\t\t\t\t\t<\/a><\/p>\n<p>Im Rahmen des Thementages durchlaufen unser Sechstkl\u00e4ssler*innen insgesamt 9 Stationen, bei denen sie sich selbst und ihre Beziehung zu Gott reflektieren. Eine dieser Stationenen &#8211; der Spiegel &#8211; soll die Kinder in ihrem Selbstwertgef\u00fchl st\u00e4rken, indem sie sich genau betrachten und als einzigartig und wertvoll wahrnehmen. Wie der Pilgerk\u00f6nig hat jedes Kind eine unantastbare, k\u00f6nigliche W\u00fcrde und darf seine Einigartigkeit als Geschenk begreifen. Nachdem die Kinder sich intensiv mit ihrem Spiegelbild befasst und positive Eigenschaften an sich entdeckt und ausformuliert haben, d\u00fcrfen sie sich ein Affirmationsk\u00e4rtchen mitnehmen &#8211; als st\u00e4ndige Erinnerung daran, dass sie etwas Wertvolles, Besonderes und Wundersch\u00f6nes sind.<\/p>\n<p>\t\t\t\t\t\t\t<a href=\"https:\/\/www.willi-graf-schulen.de\/realschule\/wp-content\/uploads\/sites\/4\/2025\/11\/15618be9-3967-443c-a67f-991487bac87e.jpeg\" data-elementor-open-lightbox=\"yes\" data-elementor-lightbox-slideshow=\"efd68a3\" data-elementor-lightbox-title=\"15618be9-3967-443c-a67f-991487bac87e\" data-e-action-hash=\"#elementor-action%3Aaction%3Dlightbox%26settings%3DeyJpZCI6ODMwMSwidXJsIjoiaHR0cHM6XC9cL3d3dy53aWxsaS1ncmFmLXNjaHVsZW4uZGVcL3JlYWxzY2h1bGVcL3dwLWNvbnRlbnRcL3VwbG9hZHNcL3NpdGVzXC80XC8yMDI1XC8xMVwvMTU2MThiZTktMzk2Ny00NDNjLWE2N2YtOTkxNDg3YmFjODdlLmpwZWciLCJzbGlkZXNob3ciOiJlZmQ2OGEzIn0%3D\"><br \/>\n\t\t\t\t\t\t\t\t\t\t\t\t\t\t<\/a><br \/>\n\t\t\t\t\t\t\t<a href=\"https:\/\/www.willi-graf-schulen.de\/realschule\/wp-content\/uploads\/sites\/4\/2025\/11\/ab68220d-2cb4-4fba-8ad1-4fb9cdcc0f7b.jpeg\" data-elementor-open-lightbox=\"yes\" data-elementor-lightbox-slideshow=\"efd68a3\" data-elementor-lightbox-title=\"ab68220d-2cb4-4fba-8ad1-4fb9cdcc0f7b\" data-e-action-hash=\"#elementor-action%3Aaction%3Dlightbox%26settings%3DeyJpZCI6ODMwMiwidXJsIjoiaHR0cHM6XC9cL3d3dy53aWxsaS1ncmFmLXNjaHVsZW4uZGVcL3JlYWxzY2h1bGVcL3dwLWNvbnRlbnRcL3VwbG9hZHNcL3NpdGVzXC80XC8yMDI1XC8xMVwvYWI2ODIyMGQtMmNiNC00ZmJhLThhZDEtNGZiOWNkY2MwZjdiLmpwZWciLCJzbGlkZXNob3ciOiJlZmQ2OGEzIn0%3D\"><br \/>\n\t\t\t\t\t\t\t\t\t\t\t\t\t\t<\/a><br \/>\n\t\t\t\t\t\t\t<a href=\"https:\/\/www.willi-graf-schulen.de\/realschule\/wp-content\/uploads\/sites\/4\/2025\/11\/ae7c4c83-dc89-462e-8fff-f3c0a5a814e8.jpeg\" data-elementor-open-lightbox=\"yes\" data-elementor-lightbox-slideshow=\"efd68a3\" data-elementor-lightbox-title=\"ae7c4c83-dc89-462e-8fff-f3c0a5a814e8\" data-e-action-hash=\"#elementor-action%3Aaction%3Dlightbox%26settings%3DeyJpZCI6ODMwMywidXJsIjoiaHR0cHM6XC9cL3d3dy53aWxsaS1ncmFmLXNjaHVsZW4uZGVcL3JlYWxzY2h1bGVcL3dwLWNvbnRlbnRcL3VwbG9hZHNcL3NpdGVzXC80XC8yMDI1XC8xMVwvYWU3YzRjODMtZGM4OS00NjJlLThmZmYtZjNjMGE1YTgxNGU4LmpwZWciLCJzbGlkZXNob3ciOiJlZmQ2OGEzIn0%3D\"><br \/>\n\t\t\t\t\t\t\t\t\t\t\t\t\t\t<\/a><\/p>\n","protected":false},"excerpt":{"rendered":"<p>Im Rahmen des Projektes &#8222;Demokratie und Arbeitswelt&#8220; befassten sich die Sch\u00fcler der 10. Klasse mit den demokratischen Mitbestimmungsrechten, die ihnen als Arbeitnehmer zustehen. In verschiedenen \u00dcbungen nahmen die Jugendlichen zum Beispiel die Rolle von Gr\u00fcndern ein, um einen Einblick in betriebliche Abl\u00e4ufe zu erhalten. Die praxisnahe Demokratieerfahrung stie\u00df dabei auf gro\u00dfes Lob. Danke an die [&hellip;]<\/p>\n","protected":false},"author":7,"featured_media":8409,"comment_status":"open","ping_status":"open","sticky":false,"template":"","format":"standard","meta":{"footnotes":""},"categories":[6,1],"tags":[],"class_list":["post-8277","post","type-post","status-publish","format-standard","has-post-thumbnail","hentry","category-aktuelles","category-allgemein"],"_links":{"self":[{"href":"https:\/\/www.willi-graf-schulen.de\/realschule\/wp-json\/wp\/v2\/posts\/8277","targetHints":{"allow":["GET"]}}],"collection":[{"href":"https:\/\/www.willi-graf-schulen.de\/realschule\/wp-json\/wp\/v2\/posts"}],"about":[{"href":"https:\/\/www.willi-graf-schulen.de\/realschule\/wp-json\/wp\/v2\/types\/post"}],"author":[{"embeddable":true,"href":"https:\/\/www.willi-graf-schulen.de\/realschule\/wp-json\/wp\/v2\/users\/7"}],"replies":[{"embeddable":true,"href":"https:\/\/www.willi-graf-schulen.de\/realschule\/wp-json\/wp\/v2\/comments?post=8277"}],"version-history":[{"count":7,"href":"https:\/\/www.willi-graf-schulen.de\/realschule\/wp-json\/wp\/v2\/posts\/8277\/revisions"}],"predecessor-version":[{"id":8306,"href":"https:\/\/www.willi-graf-schulen.de\/realschule\/wp-json\/wp\/v2\/posts\/8277\/revisions\/8306"}],"wp:featuredmedia":[{"embeddable":true,"href":"https:\/\/www.willi-graf-schulen.de\/realschule\/wp-json\/wp\/v2\/media\/8409"}],"wp:attachment":[{"href":"https:\/\/www.willi-graf-schulen.de\/realschule\/wp-json\/wp\/v2\/media?parent=8277"}],"wp:term":[{"taxonomy":"category","embeddable":true,"href":"https:\/\/www.willi-graf-schulen.de\/realschule\/wp-json\/wp\/v2\/categories?post=8277"},{"taxonomy":"post_tag","embeddable":true,"href":"https:\/\/www.willi-graf-schulen.de\/realschule\/wp-json\/wp\/v2\/tags?post=8277"}],"curies":[{"name":"wp","href":"https:\/\/api.w.org\/{rel}","templated":true}]}}